{"id":225551,"date":"2026-07-11T06:24:36","date_gmt":"2026-07-11T06:24:36","guid":{"rendered":"https:\/\/www.europesays.com\/ee\/225551\/"},"modified":"2026-07-11T06:24:36","modified_gmt":"2026-07-11T06:24:36","slug":"paevahoroskoop-%e2%9f%a9-10-juuli-kaalude-hing-igatseb-rahu-sonnil-soodne-aeg-viia-ideed-ellu","status":"publish","type":"post","link":"https:\/\/www.europesays.com\/ee\/225551\/","title":{"rendered":"P\u00c4EVAHOROSKOOP \u27e9 10. juuli: Kaalude hing igatseb rahu, S\u00f5nnil soodne aeg viia ideed ellu"},"content":{"rendered":"<p>Argiellu on lihtne luua korrap\u00e4ra ja anal\u00fc\u00fctilist kergust. Suudad oma igap\u00e4evased toimetused kenasti \u00e4ra korraldada.<\/p>\n<p>Loomingulistele projektidele tasub s\u00fcdamest p\u00fchenduda. V\u00e4ljenda tundeid l\u00e4bi reaalsete ja hoolivate tegude.<\/p>\n<p>T\u00e4helepanu p\u00f6\u00f6rdub koduseinte vahele. Suurep\u00e4rane aeg elamise suurpuhastuseks ning praktiliseks ja soojaks hoolitsuseks pere eest.<\/p>\n<p>Sinu m\u00f5tted ja s\u00f5nad on selged, detailsed ja t\u00e4psed. Olulised kohtumised l\u00e4hiringis ja kirjavahetus toovad soovitud infot.<\/p>\n<p>Finantsasjades saabub aeg teha ratsionaalseid ja edasiviivaid otsuseid. Sinu tulud vajavad n\u00fc\u00fcd tarka ja anal\u00fc\u00fctilist pilku.<\/p>\n<p>\u00d5nne ja armastuse planeet Veenus j\u00f5uab Neitsi m\u00e4rki. Sinu isiklik sarm ja veetlus l\u00f6\u00f6b \u00f5itsele. Hellita end ja lase oma ilul s\u00e4rada.<\/p>\n<p>Hing igatseb rahu ja privaatsust. Sinu tundemaailm vajab anal\u00fc\u00fcsiaega vaikuses, et puhastuda vanast ja astuda edasi palju kergemalt.<\/p>\n<p>S\u00f5brad ja m\u00f5ttekaaslased pakuvad praktilist tuge ja siirast intellektuaalset kergust. P\u00fchendu \u00fchistele plaanidele suurema hoolega.<\/p>\n<p>Pikaajaliste sihtide poole liikumine saab meeldiva ja asjaliku t\u00f5uke. Professionaalsus ja korrektsus tagavad sulle teenitud edu ja tunnustuse.<\/p>\n<p>Maailmavaade ja \u00f5pingud saavad asjalikku ja praktilist hoogu juurde. Hea aeg kasulike teadmiste omandamiseks ja sihtide seadmiseks.<\/p>\n<p>Esile kerkivad \u00fchise vara ja emotsionaalsete kohustuste teemad. Suudad lahendada keerulised k\u00fcsimused rahuliku anal\u00fc\u00fcsiv\u00f5ime abil.<\/p>\n<p>Partnerlussuhted t\u00e4ituvad asjaliku, p\u00fchendunud ja sooja t\u00e4helepanuga. Sobiv hetk luua suhetesse harmooniat ja seada eesm\u00e4rke.<\/p>\n","protected":false},"excerpt":{"rendered":"Argiellu on lihtne luua korrap\u00e4ra ja anal\u00fc\u00fctilist kergust. Suudad oma igap\u00e4evased toimetused kenasti \u00e4ra korraldada. Loomingulistele projektidele tasub&hellip;\n","protected":false},"author":2,"featured_media":225552,"comment_status":"","ping_status":"","sticky":false,"template":"","format":"standard","meta":{"footnotes":"","_share_on_mastodon":"0"},"categories":[80],"tags":[19497,26,27,37,33,35,34,36,31,32,21,19493,19496,9135,6558,9138,28,29,19494,95,19495,19,25,9137,9136,23,24,22,20,4194,88407,9139,30,92,93,94],"class_list":["post-225551","post","type-post","status-publish","format-standard","has-post-thumbnail","category-maailm","tag-ambur","tag-breaking-news","tag-breakingnews","tag-ee","tag-eesti","tag-eesti-keel","tag-estonia","tag-estonian","tag-featured-news","tag-featurednews","tag-headlines","tag-jaar","tag-kaalud","tag-kaksikud","tag-kalad","tag-kaljukits","tag-latest-news","tag-latestnews","tag-lovi","tag-maailm","tag-neitsi","tag-news","tag-populaarseimad-lood","tag-skorpion","tag-sonn","tag-top-stories","tag-topstories","tag-uldised-uudised","tag-uudised","tag-vahk","tag-vahvat-reedet","tag-veevalaja","tag-viimased-uudised","tag-world","tag-world-news","tag-worldnews"],"share_on_mastodon":{"url":"https:\/\/pubeurope.com\/@ee\/116899916099077700","error":""},"_links":{"self":[{"href":"https:\/\/www.europesays.com\/ee\/wp-json\/wp\/v2\/posts\/225551","targetHints":{"allow":["GET"]}}],"collection":[{"href":"https:\/\/www.europesays.com\/ee\/wp-json\/wp\/v2\/posts"}],"about":[{"href":"https:\/\/www.europesays.com\/ee\/wp-json\/wp\/v2\/types\/post"}],"author":[{"embeddable":true,"href":"https:\/\/www.europesays.com\/ee\/wp-json\/wp\/v2\/users\/2"}],"replies":[{"embeddable":true,"href":"https:\/\/www.europesays.com\/ee\/wp-json\/wp\/v2\/comments?post=225551"}],"version-history":[{"count":0,"href":"https:\/\/www.europesays.com\/ee\/wp-json\/wp\/v2\/posts\/225551\/revisions"}],"wp:featuredmedia":[{"embeddable":true,"href":"https:\/\/www.europesays.com\/ee\/wp-json\/wp\/v2\/media\/225552"}],"wp:attachment":[{"href":"https:\/\/www.europesays.com\/ee\/wp-json\/wp\/v2\/media?parent=225551"}],"wp:term":[{"taxonomy":"category","embeddable":true,"href":"https:\/\/www.europesays.com\/ee\/wp-json\/wp\/v2\/categories?post=225551"},{"taxonomy":"post_tag","embeddable":true,"href":"https:\/\/www.europesays.com\/ee\/wp-json\/wp\/v2\/tags?post=225551"}],"curies":[{"name":"wp","href":"https:\/\/api.w.org\/{rel}","templated":true}]}}