{"id":225564,"date":"2026-07-11T06:54:38","date_gmt":"2026-07-11T06:54:38","guid":{"rendered":"https:\/\/www.europesays.com\/ee\/225564\/"},"modified":"2026-07-11T06:54:38","modified_gmt":"2026-07-11T06:54:38","slug":"suri-laulja-bonnie-tyler","status":"publish","type":"post","link":"https:\/\/www.europesays.com\/ee\/225564\/","title":{"rendered":"Suri laulja Bonnie Tyler"},"content":{"rendered":"<p>Briti laulja Bonnie Tyler suri 75 aasta vanuses, edastab Meduza viitega BBC Newsile.<\/p>\n<p>Alates maist viibis ta haiglas Portugali linnas Faros, kus talle tehti erakorraline sooleoperatsioon.<\/p>\n<p>Operatsiooniga seoses viidi laulja kunstlikku koomasse. Juuni keskel toodi Tyler koomast v\u00e4lja, kuid tema seisund p\u00fcsib raskena.<\/p>\n<p>\u00a0<\/p>\n<p>Laulja kodulehel avaldatud teadaandes \u00f6eldakse, et ta suri ootamatult eelmisel \u00f6\u00f6l haiglas, kus ta j\u00e4tkas ravi.<\/p>\n","protected":false},"excerpt":{"rendered":"Briti laulja Bonnie Tyler suri 75 aasta vanuses, edastab Meduza viitega BBC Newsile. Alates maist viibis ta haiglas&hellip;\n","protected":false},"author":2,"featured_media":225565,"comment_status":"","ping_status":"","sticky":false,"template":"","format":"standard","meta":{"footnotes":"","_share_on_mastodon":"0"},"categories":[16],"tags":[78926,37,33,35,173,34,36,44479,13035,140,91300,91301],"class_list":["post-225564","post","type-post","status-publish","format-standard","has-post-thumbnail","category-meelelahutus","tag-bonnie-tyler","tag-ee","tag-eesti","tag-eesti-keel","tag-entertainment","tag-estonia","tag-estonian","tag-koduleht","tag-lauljanna","tag-meelelahutus","tag-sooleoperatsioon","tag-suri"],"share_on_mastodon":{"url":"https:\/\/pubeurope.com\/@ee\/116900034453678814","error":""},"_links":{"self":[{"href":"https:\/\/www.europesays.com\/ee\/wp-json\/wp\/v2\/posts\/225564","targetHints":{"allow":["GET"]}}],"collection":[{"href":"https:\/\/www.europesays.com\/ee\/wp-json\/wp\/v2\/posts"}],"about":[{"href":"https:\/\/www.europesays.com\/ee\/wp-json\/wp\/v2\/types\/post"}],"author":[{"embeddable":true,"href":"https:\/\/www.europesays.com\/ee\/wp-json\/wp\/v2\/users\/2"}],"replies":[{"embeddable":true,"href":"https:\/\/www.europesays.com\/ee\/wp-json\/wp\/v2\/comments?post=225564"}],"version-history":[{"count":0,"href":"https:\/\/www.europesays.com\/ee\/wp-json\/wp\/v2\/posts\/225564\/revisions"}],"wp:featuredmedia":[{"embeddable":true,"href":"https:\/\/www.europesays.com\/ee\/wp-json\/wp\/v2\/media\/225565"}],"wp:attachment":[{"href":"https:\/\/www.europesays.com\/ee\/wp-json\/wp\/v2\/media?parent=225564"}],"wp:term":[{"taxonomy":"category","embeddable":true,"href":"https:\/\/www.europesays.com\/ee\/wp-json\/wp\/v2\/categories?post=225564"},{"taxonomy":"post_tag","embeddable":true,"href":"https:\/\/www.europesays.com\/ee\/wp-json\/wp\/v2\/tags?post=225564"}],"curies":[{"name":"wp","href":"https:\/\/api.w.org\/{rel}","templated":true}]}}