{"id":225588,"date":"2026-07-11T07:33:27","date_gmt":"2026-07-11T07:33:27","guid":{"rendered":"https:\/\/www.europesays.com\/ee\/225588\/"},"modified":"2026-07-11T07:33:27","modified_gmt":"2026-07-11T07:33:27","slug":"kinod-ja-kiirsoogikohad-peavad-hakkama-kasutama-korduskasutatavaid-pakendeid-eesti","status":"publish","type":"post","link":"https:\/\/www.europesays.com\/ee\/225588\/","title":{"rendered":"Kinod ja kiirs\u00f6\u00f6gikohad peavad hakkama kasutama korduskasutatavaid pakendeid | Eesti"},"content":{"rendered":"<p>Kui restoranis ja kohvikus on korduskasutatavad n\u00f5ud juba ammu tavap\u00e4rased, siis kinos ja kiirtoidukohas on kohapeal s\u00f6\u00f6miseks ja joomiseks valdavalt \u00fchekordsed pakendid. Seal tekib igap\u00e4evaselt suur kogus j\u00e4\u00e4tmeid.<\/p>\n<p>N\u00fc\u00fcd saatis kliimaministeerium koosk\u00f5lastamisele eeln\u00f5u, mille eesm\u00e4rk on v\u00e4hendada pakendij\u00e4\u00e4tmete teket ja suurendada nende ringlussev\u00f5ttu.\u00a0<\/p>\n<p>Alates 2028. aastast tuleb toidukohtades ja meelelahutusasutustes kohapeal tarbitav toit ja jook serveerida korduskasutatavates n\u00f5udes.\u00a0<\/p>\n<p>Kui klient otsustab n\u00e4iteks kiirtoiduketist toidu koju kaasa osta, saab ta endiselt valida \u00fchekordse pakendi. Eesm\u00e4rk on selle k\u00f5rval pakkuda korduskasutatavat varianti, mis ei tohi olla tarbijale kallim kui \u00fchekordne pakend.\u00a0<\/p>\n<p>Kliimaministeeriumi pakendite valdkonna juht Dagny Repp \u00fctles, et k\u00f5ik ei pea kasutama tingimata portselantaldrikuid. Ettev\u00f5tjad v\u00f5ivad valida ka vastupidavad ja pestavad karbid ja topsid.<\/p>\n<p>&#8220;Pikemas vaates v\u00f5ib see aidata ettev\u00f5tjatel ka kulusid v\u00e4hendada, sest sama n\u00f5u kasutatakse korduvalt ja v\u00e4heneb vajadus pidevalt uusi \u00fchekordseid pakendeid osta,&#8221; nentis Repp. Ta lisas, et j\u00e4\u00e4tmeveo- ja tootjavastutusega seotud kulud v\u00e4henevad samuti.<\/p>\n<p>Repp s\u00f5nas, et k\u00f5ige soodsam on tavaliselt s\u00fcsteem, kus n\u00f5ud pestakse kohapeal ja anal\u00fc\u00fctikute s\u00f5nul v\u00f5ib see olla odavam kui \u00fchekordsete n\u00f5ude kasutamine.<\/p>\n<p>\u00dcht kohustuslikku \u00fcleriigilist n\u00f5ude- v\u00f5i pakendis\u00fcsteemi olema ei saa. Ettev\u00f5tja saab ise valida, kust ta n\u00f5ud hangib ja kuidas neid peseb.\u00a0<\/p>\n<p>Eeln\u00f5us on v\u00e4lja pakutud, et kui n\u00f5ule rakendub pant ja see ettev\u00f5ttele tagastatakse, v\u00f5iks klient pandiraha tagasi saada.<\/p>\n<p>Korduskasutatav soodsamalt<\/p>\n<p>Alexela br\u00e4ndi- ja kliendikogemuse juht Maria Tiidus r\u00e4\u00e4kis, et ettev\u00f5te on pakkunud juba 2020. aastast klientidele v\u00f5imalust osta kuuma jooki korduskasutatavasse topsi soodsama hinnaga.\u00a0<\/p>\n<p>Alexela on aastate jooksul kasutanud ka teisi soodustusi ja korduskasutatavaid topse kujundanud, et muuta need kliendile ahvatlevamaks.<\/p>\n<p>Tiidus nentis, et praegu kasutab korduskasutatavat topsi 15 protsenti nende kohvik-poodide klientidest ja ettev\u00f5te loodab l\u00e4hiaastatel viia selle 20 protsendini.<\/p>\n<p>Ta lisas, et Alexela n\u00e4eb regulatsiooni turgu \u00fchtlustava sammuna. Kui k\u00f5igile ettev\u00f5tetele kehtivad selged n\u00f5uded, soodustab see investeeringuid korduskasutusse.<\/p>\n<p>Samuti aitab see v\u00e4ltida olukorda, kus keskkonnateadlikumad ettev\u00f5tted kannavad \u00fcksi s\u00fcsteemi arendamise kulusid.<\/p>\n<p>Tiiduse s\u00f5nul maksab Alexela praegu korduskasutatavate topside rendi ja pesemise eest, kuid tulevikus on vaja leida mudel, mis oleks majanduslikult j\u00e4tkusuutlik.<\/p>\n<p>&#8220;Korduskasutatavuse \u00e4riline ja keskkonnaalane kasu s\u00f5ltub suuresti sellest, mitu korda \u00fcks pakend ringlusse j\u00f5uab,&#8221; r\u00e4\u00e4kis Tiidus, lisades, et pakendite ettev\u00f5ttesse tagasi j\u00f5udmine on neile oluline.<\/p>\n<p>Rahvusvaheliste ettev\u00f5tete katsetused on n\u00e4idanud, et ainult \u00fche ettev\u00f5tte suletud s\u00fcsteemist ei piisa. Tiidus \u00fctles, et peaks olema lahendus, kus klient ei peaks meeles pidama, millise ettev\u00f5tte pakendi ta kuhu tagastama peab.<\/p>\n<p><img decoding=\"async\" data-photo-id=\"1749332\" src=\"https:\/\/www.europesays.com\/ee\/wp-content\/uploads\/2026\/07\/1749332hb2f7t24.jpg\"\/>Popkorn Autor\/allikas: Siim L\u00f5vi \/ERR<\/p>\n<p>Apollo kino tegevjuht Kadri \u00c4rm r\u00e4\u00e4kis, et ettev\u00f5te toetab uut regulatsiooni. Ta selgitas, et kino erip\u00e4ra on see, et korraga ja v\u00e4ikese ajaakna jooksul v\u00f5ib tulla suur hulk k\u00fclastajaid, kes ostavad sn\u00e4kke v\u00f5i jooke.\u00a0\u00a0<\/p>\n<p>\u00c4rm \u00fctles, et siis on oluline m\u00f5elda, kuidas k\u00fclastajatel mugav oleks. Samuti on vaja ehitada teenus ja teeninduse kiirus n\u00f5ude pesemise, tagastamise ja logistika peale \u00fcles.<\/p>\n<p>Apollo kino kaalub erinevaid v\u00f5imalusi koost\u00f6\u00f6partneritega, kellel juba taolised s\u00fcsteemid toimivad.\u00a0<\/p>\n<p>\u00c4rmi s\u00f5nul on praegu keeruline hinnata, kui palju uue lahenduse kasutuselev\u00f5tt ettev\u00f5ttele maksma v\u00f5iks minna.<\/p>\n<p>V\u00e4ljakutse v\u00e4ikeettev\u00f5tetele<\/p>\n<p>Eeln\u00f5u ettevalmistamisel suhtles kliimaministeerium erinevate toidukohtadega. Praegu algas koosk\u00f5lastusring, mis annab k\u00f5igile osapooltele veel v\u00f5imaluse 17. augustini eeln\u00f5u tagasisidestada.\u00a0<\/p>\n<p>Eesti hotellide ja restoranide liidu tegevjuht K\u00fclli Kraner \u00fctles, et esialgse hinnangu j\u00e4rgi on Green Key m\u00e4rgisega hotellid \u00fchekordsed v\u00e4ikepakendid juba asendanud ja sektor \u00fcldiselt liigub samas suunas. Green Key on rahvusvaheline \u00f6kom\u00e4rgis, millega tunnustatakse turismiettev\u00f5tete kestlikku tegutsemist.<\/p>\n<p>Kraneri s\u00f5nul on suuremad ja Green Key ettev\u00f5tted muudatuseks valdavalt valmis. V\u00e4iksematel majutus- ja toitlustusettev\u00f5tetel seisab \u00fcmberkorraldus alles ees.\u00a0<\/p>\n<p>Kraner nentis, et suurimad v\u00e4ljakutsed on korduskasutatavate n\u00f5ude pesu- ja hoiuv\u00f5imekus v\u00e4iksemates kohtades, kaasam\u00fc\u00fcgi korduspakendis\u00fcsteemi logistika ja h\u00fcgieenin\u00f5uded ning sellega kaasnevad investeeringud.<\/p>\n<p>Ohtlikud ained kaovad turult<\/p>\n<p>Eeln\u00f5u j\u00e4rgi muutuvad pakendid inimesele \u00fcldiselt ka ohutumaks, kuna toiduga kokkupuutuvates pakendites piiratakse PFAS-kemikaalide ehk nn igaveste kemikaalide kasutamist.<\/p>\n<p>PFAS-kemikaale kasutatakse muuhulgas, et muuta pakendid vett, rasva ja mustust h\u00fclgavaks. Need lagunevad looduses v\u00e4ga aeglaselt ja seostatakse erinevate terviseriskidega, mist\u00f5ttu nimetatakse ka igavesteks kemikaalideks.<\/p>\n<p>Alates 12. augustist ei tohi Euroopa Liidu turule lasta toiduga kokkupuutuvaid pakendeid, mis sisaldavad PFAS-aineid \u00fcle lubatud piirnormi. Laovarud v\u00f5ib \u00e4ra kasutada, kuid uute turule toodavate pakendite osas on rangemad n\u00f5uded, et need oleks inimese tervisele ohutumad.<\/p>\n<p>Riik aitab keskkonnainvesteeringute keskuse abil ettev\u00f5tetel korduskasutuspakenditele \u00fcle minna. Toetust saab kasutada pakendite ostmiseks ning nende tagastamise ja muu logistika korraldamiseks.<\/p>\n","protected":false},"excerpt":{"rendered":"Kui restoranis ja kohvikus on korduskasutatavad n\u00f5ud juba ammu tavap\u00e4rased, siis kinos ja kiirtoidukohas on kohapeal s\u00f6\u00f6miseks ja&hellip;\n","protected":false},"author":2,"featured_media":225589,"comment_status":"","ping_status":"","sticky":false,"template":"","format":"standard","meta":{"footnotes":"","_share_on_mastodon":"0"},"categories":[12],"tags":[7377,5685,26,27,37,2707,33,35,34,36,31,32,21,3081,91312,28,29,91313,19,91311,25,26554,23,24,22,20,30],"class_list":["post-225588","post","type-post","status-publish","format-standard","has-post-thumbnail","category-eesti","tag-alexela","tag-apollo-kino","tag-breaking-news","tag-breakingnews","tag-ee","tag-eelnou","tag-eesti","tag-eesti-keel","tag-estonia","tag-estonian","tag-featured-news","tag-featurednews","tag-headlines","tag-kliimaministeerium","tag-korduskasutatavad-noud","tag-latest-news","tag-latestnews","tag-meelelahutusasutus","tag-news","tag-noud","tag-populaarseimad-lood","tag-toitlustus","tag-top-stories","tag-topstories","tag-uldised-uudised","tag-uudised","tag-viimased-uudised"],"share_on_mastodon":{"url":"https:\/\/pubeurope.com\/@ee\/116900187867037020","error":""},"_links":{"self":[{"href":"https:\/\/www.europesays.com\/ee\/wp-json\/wp\/v2\/posts\/225588","targetHints":{"allow":["GET"]}}],"collection":[{"href":"https:\/\/www.europesays.com\/ee\/wp-json\/wp\/v2\/posts"}],"about":[{"href":"https:\/\/www.europesays.com\/ee\/wp-json\/wp\/v2\/types\/post"}],"author":[{"embeddable":true,"href":"https:\/\/www.europesays.com\/ee\/wp-json\/wp\/v2\/users\/2"}],"replies":[{"embeddable":true,"href":"https:\/\/www.europesays.com\/ee\/wp-json\/wp\/v2\/comments?post=225588"}],"version-history":[{"count":0,"href":"https:\/\/www.europesays.com\/ee\/wp-json\/wp\/v2\/posts\/225588\/revisions"}],"wp:featuredmedia":[{"embeddable":true,"href":"https:\/\/www.europesays.com\/ee\/wp-json\/wp\/v2\/media\/225589"}],"wp:attachment":[{"href":"https:\/\/www.europesays.com\/ee\/wp-json\/wp\/v2\/media?parent=225588"}],"wp:term":[{"taxonomy":"category","embeddable":true,"href":"https:\/\/www.europesays.com\/ee\/wp-json\/wp\/v2\/categories?post=225588"},{"taxonomy":"post_tag","embeddable":true,"href":"https:\/\/www.europesays.com\/ee\/wp-json\/wp\/v2\/tags?post=225588"}],"curies":[{"name":"wp","href":"https:\/\/api.w.org\/{rel}","templated":true}]}}