{"id":225594,"date":"2026-07-11T07:45:11","date_gmt":"2026-07-11T07:45:11","guid":{"rendered":"https:\/\/www.europesays.com\/ee\/225594\/"},"modified":"2026-07-11T07:45:11","modified_gmt":"2026-07-11T07:45:11","slug":"ilmateenistus-andis-parastlounast-ilmahoiatuse-tuleb-paduvihma-aikest-voimalikud-on-suured-raheterad","status":"publish","type":"post","link":"https:\/\/www.europesays.com\/ee\/225594\/","title":{"rendered":"Ilmateenistus andis p\u00e4rastl\u00f5unast ilmahoiatuse: tuleb paduvihma, \u00e4ikest, v\u00f5imalikud on suured raheterad"},"content":{"rendered":"<p>Ilmateenistuse teise taseme ilmahoiatus kehtib P\u00e4rnumaale t\u00e4na kell 15-23. Ilmaprognoos lubab \u00e4ikesevihma, kaasneda v\u00f5ivad v\u00e4ga tugevad tuulepuhangud 20-25 meetrit sekundis v\u00f5i enamgi ning suured raheterad. \u00c4ikesepilved liiguvad idast aegamisi l\u00e4\u00e4ne-loode suunas.<\/p>\n<p>Vihmasadu algab yr.no prognoosi j\u00e4rgi p\u00e4rast kella 17. \u00c4ikest tuleb kella 18 ja 19 paiku. Sadu on tugevam ajavahemikus 19-21. Kell 21 sajab P\u00e4rnus maha kuni 14 millimeetrit vihma.<\/p>\n<p>Sooja tuleb samal ajal kuni 26 kraadi. Vihmasaju alates temperatuur m\u00f5nev\u00f5rra langeb.<\/p>\n<p class=\"x_MsoNormal\">P\u00e4\u00e4steamet soovitab tormiks valmistudes korjata \u00f5ues kokku lahtised esemed, mis v\u00f5ivad tuulega lendu minna, n\u00e4iteks aiatoolid, lillepotid. Sulgeda aknad ja uksed. Parkida auto garaa\u017ei, kui see pole v\u00f5imalik, siis lagedale platsile, eemal puudest. Rahesaju ohu korral katta v\u00f5imalusel auto tekkidega.<\/p>\n<p>Tugeva vihmaga tuleks v\u00e4ltida autos s\u00f5itmist. Eemale tuleb hoida maha langenud elektriliinidest ja teavita nendest Elektrilevi rikketelefonil 1343. \u00c4ikese ajal ei v\u00f5i pliidi ega ahju alla tuld teha, sest suits on hea elektrijuht ja v\u00f5ib v\u00e4lku ligi t\u00f5mmata.<\/p>\n","protected":false},"excerpt":{"rendered":"Ilmateenistuse teise taseme ilmahoiatus kehtib P\u00e4rnumaale t\u00e4na kell 15-23. Ilmaprognoos lubab \u00e4ikesevihma, kaasneda v\u00f5ivad v\u00e4ga tugevad tuulepuhangud 20-25&hellip;\n","protected":false},"author":2,"featured_media":225595,"comment_status":"","ping_status":"","sticky":false,"template":"","format":"standard","meta":{"footnotes":"","_share_on_mastodon":"0"},"categories":[5],"tags":[346,345,342,26,27,37,33,35,34,36,31,32,21,344,360,343,339,28,29,349,19,341,354,357,351,352,355,356,348,336,350,337,353,25,159,338,340,347,23,24,358,22,359,20,30],"class_list":["post-225594","post","type-post","status-publish","format-standard","has-post-thumbnail","category-uldised-uudised","tag-ajakirjaniku-kontakt","tag-ajalehe-tellimine","tag-arhiiv","tag-breaking-news","tag-breakingnews","tag-ee","tag-eesti","tag-eesti-keel","tag-estonia","tag-estonian","tag-featured-news","tag-featurednews","tag-headlines","tag-kaastundeavaldus","tag-kesklinna-sild","tag-kuulutuse-lisamine","tag-kuulutused","tag-latest-news","tag-latestnews","tag-liiklusonnetus","tag-news","tag-paberleht","tag-parnu-haigla","tag-parnu-jahtklubi","tag-parnu-linn","tag-parnu-maakohus","tag-parnu-rand","tag-parnu-sadam","tag-parnu-uritused","tag-parnu-uudised","tag-parnumaa","tag-parnumaa-uudised","tag-politsei","tag-populaarseimad-lood","tag-sport","tag-suvepealinn","tag-tellimine","tag-toimetuse-kontakt","tag-top-stories","tag-topstories","tag-tulekahju","tag-uldised-uudised","tag-urituste-kava","tag-uudised","tag-viimased-uudised"],"share_on_mastodon":{"url":"","error":"Validation failed: Text character limit of 500 exceeded"},"_links":{"self":[{"href":"https:\/\/www.europesays.com\/ee\/wp-json\/wp\/v2\/posts\/225594","targetHints":{"allow":["GET"]}}],"collection":[{"href":"https:\/\/www.europesays.com\/ee\/wp-json\/wp\/v2\/posts"}],"about":[{"href":"https:\/\/www.europesays.com\/ee\/wp-json\/wp\/v2\/types\/post"}],"author":[{"embeddable":true,"href":"https:\/\/www.europesays.com\/ee\/wp-json\/wp\/v2\/users\/2"}],"replies":[{"embeddable":true,"href":"https:\/\/www.europesays.com\/ee\/wp-json\/wp\/v2\/comments?post=225594"}],"version-history":[{"count":0,"href":"https:\/\/www.europesays.com\/ee\/wp-json\/wp\/v2\/posts\/225594\/revisions"}],"wp:featuredmedia":[{"embeddable":true,"href":"https:\/\/www.europesays.com\/ee\/wp-json\/wp\/v2\/media\/225595"}],"wp:attachment":[{"href":"https:\/\/www.europesays.com\/ee\/wp-json\/wp\/v2\/media?parent=225594"}],"wp:term":[{"taxonomy":"category","embeddable":true,"href":"https:\/\/www.europesays.com\/ee\/wp-json\/wp\/v2\/categories?post=225594"},{"taxonomy":"post_tag","embeddable":true,"href":"https:\/\/www.europesays.com\/ee\/wp-json\/wp\/v2\/tags?post=225594"}],"curies":[{"name":"wp","href":"https:\/\/api.w.org\/{rel}","templated":true}]}}