{"id":225600,"date":"2026-07-11T07:56:12","date_gmt":"2026-07-11T07:56:12","guid":{"rendered":"https:\/\/www.europesays.com\/ee\/225600\/"},"modified":"2026-07-11T07:56:12","modified_gmt":"2026-07-11T07:56:12","slug":"lancelot-peorapi-skenesse-me-ilmselt-tagasi-ei-lahe-muusika","status":"publish","type":"post","link":"https:\/\/www.europesays.com\/ee\/225600\/","title":{"rendered":"Lancelot: peor\u00e4pi skenesse me ilmselt tagasi ei l\u00e4he | Muusika"},"content":{"rendered":"<p>Ansambel 5miinust t\u00e4histab t\u00e4navu k\u00fcmnendat tegutsemisaastat. Selle aja jooksul on s\u00f5prade siseringis s\u00fcndinud naljaprojektist kasvanud \u00fcks Eesti populaarsemaid b\u00e4nde, kelle teekond on viinud p\u00f5randaalusest Soundcloudi fenomenist vabariigi aastap\u00e4eva lavale ja Eurovisioonile.<\/p>\n<p>Vikerraadios vaatas Sten Teppan koos b\u00e4ndi liikmete P\u00e4evakoera, Lanceloti, P\u00f5hja-Korea ja Estoni Kohvriga tagasi 5miinuse kujunemisloole, suurimatele p\u00f6\u00f6rdepunktidele ja sellele, kuidas anon\u00fc\u00fcmsetest r\u00e4pparitest sai \u00fcle-eestiline n\u00e4htus.\u00a0ERR-i kultuuriportaalis ilmuva sarja kolmandas ja \u00fchtlasi viimases osas r\u00e4\u00e4givad muusikud, kuidas 5miinuse muusika ajas muutunud on, kuidas lahkus b\u00e4ndist Pavel Bot\u0161arov ehk Venelane ja millised on nende edasised plaanid.<\/p>\n<p>Uue suuna otsingutel <\/p>\n<p>5miinuse esimesel albumil &#8220;Korralik saavutus \/ aasta plaat&#8221; (2016) l\u00f5i kaasa terve plejaad tuntud nimesid, nagu n\u00e4iteks Cool D, Genka, Reket ja Beebil\u00f5ust. Kohveri s\u00f5nul aitas juba tuntud artistide kaasamine kuulajates t\u00e4helepanu \u00e4ratada.<\/p>\n<p>&#8220;Meil oli neid vaja. Mida rohkem \u00e4gedaid artiste sul plaadi peal on, seda rohkem on rahval p\u00f5hjust seda kuulata. Lihtsalt sebisin kuskilt meiliaadressi ja kirjutasin, et demo on siin, pane peale,&#8221; kirjeldas ta toonast l\u00e4henemist.<\/p>\n<p>Teise albumi &#8220;R\u00e4mmar&#8221; (2017) tegemise ajaks olid aga mehed otsustanud, et nende muusikaline pool peab kvaliteetsemaks minema. Nii v\u00f5eti teiste seas kampa Hugo Martin Maasikas, Joosep J\u00e4rvesaar, 372Kaspar ja Critikal.<\/p>\n<p>&#8220;Muss l\u00e4ks tehniliselt paremaks. Selle \u00fcle oli k\u00fcll palju diskussioone, et me peame paremad miksid tegema ja asi peab rohkem l\u00f6\u00f6ma. P\u00f5lve otsas ei ole m\u00f5tet nikerdada. Kui me tahame teha p\u00e4ris asja, peame tegema p\u00e4ris produtsentidega,&#8221; \u00fctles Kohver.<\/p>\n<p>Kuid \u00fcks 5miinuse suuremaid hitte &#8220;Erootikapood&#8221; tuli siiski Korea sulest. Tema s\u00f5nul toimus sellega ka teatav kvaliteedih\u00fcpe.<\/p>\n<p>&#8220;Pafi refr\u00e4\u00e4n oli seal juba v\u00e4ga vormistatud asi. See ei olnud meie jaoks midagi nii uudset, vaid see oli neljas-viies asi. Me oskasime seda kasutada, teadsime, mis see on,&#8221; lausus Korea.<\/p>\n<p>Ta lisas, et loo pealkiri on suurep\u00e4rane \u00fcldpealkiri k\u00f5igele sellele, mida miinused toona tegid. &#8220;See oli hea l\u00e4htepunkt k\u00f5igele hilisemale, aga samas v\u00f5ttis h\u00e4sti kokku selle, mida me sinnamaani olime teinud.&#8221;<\/p>\n<p>P\u00e4rast &#8220;R\u00e4mmari&#8221; avaldamist toimus nihe, sest meestel kadus soov ainult alkoholist, narkootikumidest ja pidutsemisest laulda.<\/p>\n<p>&#8220;See ei ole enam teema ja sa ei viitsi sellest r\u00e4\u00e4kida. Oled juba k\u00f5ik need viina ja juppi riimid \u00e4ra teinud. Peame leidma midagi muud, et see nii meile kui ka kuulajale huvitav oleks,&#8221; avas Lancelot ja lisas, et samuti tekkis b\u00e4ndil soov raadiotes rohkem m\u00e4ngitud saada.<\/p>\n<p>&#8220;See raadiojaamade dilemma on algusest peale olnud. Sul on populaarne b\u00e4nd, aga sa ei saa seda tegelikult raadios niimoodi lasta, et keegi sulle ei \u00fctleks, et kuule, mis v\u00e4rk sellega on, miks sellist asja lastakse.&#8221;<\/p>\n<p>Kohver lisas, et raadiotesse p\u00e4\u00e4semine t\u00e4hendas muu hulgas seda, et nad saavad festivalidel paremaid kohti ja esinemiste eest rohkem raha k\u00fcsida.<\/p>\n<p>5miinuse esimeseks v\u00e4ga suureks raadiohitiks sai koos Nubluga tehtud &#8220;Alusp\u00fckse&#8221;. Nublu korjasid nad \u00fcles Soundcloudist.<\/p>\n<p>&#8220;Ta \u00f5ppis tol hetkel Tartu \u00dclikoolis ja me kutsusime ta V\u00f5sule muusikalaagrisse. Mul on selline tunne, et tolles laagris v\u00e4ga palju muusikat ei tehtud, sest me hakkasime seal pralletama. Soe aeg ka, m\u00f5nus meeleolu oli seal V\u00f5sul. Need kaks p\u00e4eva l\u00e4ksid pigem h\u00e4ngamise kui muusika peale. Aga sealt edasi hakkasime suhtlema ja nii need featuring&#8217;id tulid,&#8221; meenutas Lancelot.<\/p>\n<p>Juulis v\u00e4lja tulnud &#8220;Alusp\u00fckse&#8221; kujunes 2019. aasta suvehitiks. Seet\u00f5ttu pahandas muusikuid, et lugu ei saanud Eesti muusikaauhindadel aasta loo nominatsiooni. Kohveri s\u00f5nul ei n\u00e4htud b\u00e4ndi toona absoluutselt parketik\u00f5lbulikuna.<\/p>\n<p>&#8220;Meil oli veidikene n\u00f5utu moment, et mida me siis tegema peame, et sellele klannile meeldida. Aga see l\u00e4ks ka m\u00f6\u00f6da ja naerad selle peale \u2013 on, mis on, j\u00e4relikult oleme Sepo Seemanid: tema ei ole ka auhindu saanud, aga on rahvamees. Oleme siis rahvamehed. Seej\u00e4rel hakkaski kukkuma rahvah\u00e4\u00e4letuse auhindu, mis oli ka tore, aga eks ikka tahad suurema peo k\u00e4est ka pai saada,&#8221; r\u00e4\u00e4kis ta.<\/p>\n<p><img decoding=\"async\" data-photo-id=\"3699247\" src=\"https:\/\/www.europesays.com\/ee\/wp-content\/uploads\/2026\/07\/3699247he2a9t24.jpg\"\/>5miinust saates &#8220;Aasta s\u00e4ravaimad t\u00e4hed 2020&#8221;. Autor\/allikas: Kairit Leibold\/ERR<\/p>\n<p>Pool aastat p\u00e4rast &#8220;Alusp\u00fckse&#8221; andis b\u00e4nd koos Villemdrillemiga v\u00e4lja loo &#8220;Paarist\u00f5uked&#8221;, mis samuti edetabelite tippu lendas. &#8220;Paarist\u00f5uked&#8221; oli \u00fchtlasi esimene lugu, mille 5miinust Universal Musicu alt v\u00e4lja andis.<\/p>\n<p>&#8220;&#8221;Paarist\u00f5ugetega&#8221; algas pea vastu lage olek. Siis me saavutasime k\u00f5rge standardi: sind lastakse raadiosse, oled Spotifys number \u00fcks ja v\u00f5id esineda suvel k\u00f5ikidel suurtel festivalidel alates P\u00fchaj\u00e4rvest V\u00f5suni v\u00e4lja,&#8221; lausus Korea.<\/p>\n<p>&#8220;Alusp\u00fckse&#8221; ja &#8220;Paarist\u00f5ukeid&#8221; saatnud edu pani aga muusikutele peale pinge, et k\u00f5ik j\u00e4rgmised lood, mis nad teevad, peavad samamoodi hitiks saama. &#8220;Kui me j\u00e4rgmist lugu kohe esimesele kohale ei saa, siis on l\u00e4bikukkumine,&#8221; m\u00e4rkis Lancelot. Samas ei unustanud nad, et teha tuleb seda, mida neile endale meeldib.<\/p>\n<p>&#8220;Me oleme kogu aeg balansseerinud selle peal, mida me ise teha tahame. See on kuidagi t\u00f6\u00f6tanud. Miks mingist loost saab tohutu hitt ja teisest ei saa, seda on raske \u00f6elda,&#8221; nentis Lancelot.<\/p>\n<p>Pavel lahkus b\u00e4ndist <\/p>\n<p>2023. aastal suvel andis Pavel Bot\u0161arov ehk Venelane teada, et ta on otsustanud b\u00e4ndist lahkuda. Toona kommenteeris ta otsust sooviga h\u00fcpata alla laevalt, mis juba ise vaikselt p\u00f5hja liikus. M\u00f5ned kuud hiljem r\u00e4\u00e4kis ta aga Raadio 2 saates &#8220;Buss 808&#8221;, et lahkus b\u00e4ndist, sest soovis ka muud peale popmuusika teha.<\/p>\n<p>&#8220;Ma astusin b\u00e4ndi t\u00e4iesti underground tegijana. Mul oli huvi, kas ma saan selles rollis olla. Ma sain ja see oli \u00e4ge. Aga siis kui eksperimendid l\u00f5ppesid, l\u00f5ppes minu huvi ka. Mingi hetk muutus see k\u00f5ik konveieriks. Me teeme raadios\u00f5bralikku mussi ja k\u00f5ik,&#8221; avas ta toona.<\/p>\n<p>Senisel kujul l\u00f5petas b\u00e4nd toimetamise, kui loomelaagris mindi loo &#8220;K\u00f5rvetab&#8221; p\u00e4rast t\u00fclli.<\/p>\n<p>&#8220;Mingil p\u00f5hjusel ei meeldinud Pavelile &#8220;K\u00f5rvetab&#8221; \u00fcldse. Talle ei meeldinud see taust, kuigi see taust tuli L\u00e4tist \u00fchest teisest laagrist, kus me olime olnud ja Pavel aitas produtsendil seda tausta teha. Sellegi poolest talle l\u00f5puks see taust ei meeldinud ja ta oli selle loo vastu,&#8221; r\u00e4\u00e4kis Lancelot.<\/p>\n<p>Esimesel \u00f5htul heidetigi loo salvestamine k\u00f5rvale, kuid j\u00e4rgmisel hommikul v\u00f5tsid teised selle taas ette.<\/p>\n<p>&#8220;Paf \u00e4rkas \u00fcles ja oli pahane, et me seda laulu tegime. Me \u00fctlesime, et me lihtsalt proovime, \u00e4kki saame t\u00f6\u00f6le. Siis ta \u00fctles umbes sellise lause, et kui te arvate, et lugu, mille peal mind ei ole, on edukas, siis tehke,&#8221; meenutas Kohver. Seej\u00e4rel kutsus Venelane takso ja l\u00e4ks \u00e4ra.<\/p>\n<p><img decoding=\"async\" data-photo-id=\"3699187\" src=\"https:\/\/www.europesays.com\/ee\/wp-content\/uploads\/2026\/07\/3699187h1dcbt24.jpg\"\/>5miinust 2022. aastal. Autor\/allikas: Ken M\u00fcrk\/ERR<\/p>\n<p>Kohver ja Venelane tunnistasid juba 2020. aastal Eesti Ekspressile antud intervjuus, et nende omavaheline l\u00e4bisaamine ei ole k\u00f5ige soojem.<\/p>\n<p>&#8220;Nad on \u00fchest k\u00fcljest uskumatult sarnased, teisest k\u00fcljest aga t\u00e4iesti erinevad inimesed,&#8221; m\u00e4rkis Korea. &#8220;Meie \u00fcritasime vahel need pehmendajad olla. L\u00f5puks sa ei suuda niimoodi koos hoida, et sul on kaks \u00e4\u00e4rmuslikku vastandit, kes on valmis eraldi ruumides viibima, et mitte kokku puutuda.&#8221;<\/p>\n<p>Kohver t\u00f5des, et \u00fcks, mis nende vahel konflikti tekitas, oli see, et kui tema jaoks on ka Excel ja m\u00fc\u00fck olulised, oli Bot\u0161arovi jaoks k\u00f5ige olulisem kunst. &#8220;Tagasi vaadates n\u00e4gi tema asju hoopis teistmoodi,&#8221; lausus ta. Teiste s\u00f5nul tegi see ka b\u00e4ndi manageerimise \u00fclikeeruliseks.<\/p>\n<p>Korea ja P\u00e4evakoera s\u00f5nul on Kohver 5miinust alati nii-\u00f6elda oma lapsukeseks pidanud, mist\u00f5ttu v\u00f5ttis ta b\u00e4ndikaaslase k\u00e4itumist k\u00f5ige rohkem s\u00fcdamesse.<\/p>\n<p>&#8220;S\u00f5prused, mis talle sellest tekkinud on, on h\u00e4sti olulised. Selle v\u00f5rra tundis ta end r\u00e4igelt reedetuna, kui inimesed hakkavad lahku kasvama, ebam\u00f5istlikke n\u00f5udmisi esitama, mis seda k\u00f5ike lahku l\u00f6\u00f6b, v\u00f5i taotlevad kunstilist absoluutset v\u00f5imu millegi \u00fcle, mida pole kunagi olnud ja miks see \u00fcldse peaks olema niimoodi,&#8221; \u00fctles Korea.<\/p>\n<p>Muusikute s\u00f5nul oli aastate jooksul ka seda tajuda, et Bot\u0161arov tundis end nii-\u00f6elda lisamehena, kes hiljem kampa tuli.<\/p>\n<p>&#8220;See tekitas ka mingisuguseid lahkhelisid. Aeg-ajalt oli vaja talle kinnitada, et teda kuulatakse, tema m\u00f5tteid v\u00f5etakse ka kuulda. Tuli ette, kui ta mainis, et ta tunneb, et meie oleme justkui neli ja tema on \u00fcks,&#8221; lausus P\u00e4evakoer.<\/p>\n<p>Kohver lisas, et kuigi neil l\u00f5ppude l\u00f5puks omavahel ei klappinud, oli neil b\u00e4ndi alguses siiski tore ja Bot\u0161arov\u00a0on b\u00e4ndi eduloos oluline l\u00fcli.<\/p>\n<p>&#8220;B\u00e4ndi vaatevinklist on nii, et kui poleks teda, poleks meid. Ilma temata poleks 5miinust k\u00e4inud Eurovisioonil. Oleksime teinud \u00fche plaadi, aga ma ei usu, et Pavelita oleks see asi niimoodi ellu \u00e4rganud ja lennanud. Ta oli ikkagi \u00fclioluline,&#8221; v\u00f5ttis ta teema kokku.<\/p>\n<p>Puuluup avas uued uksed <\/p>\n<p>\u00a0Veel enne seda kui 5miinuse ja Venelase teed laiali l\u00e4ksid, tegi b\u00e4nd tutvust duoga Puuluup. Kui Bot\u0161arov oli \u00fcksinda edasi liikunud, tekitas see b\u00e4ndis omajagu k\u00fcsimusi, kuidas refr\u00e4\u00e4nimeheta edasi minna. Siis kutsusid miinused Puuluubi endaga muusikat kirjutama.<\/p>\n<p>&#8220;Laule tuli nagu kosest, pidurit oli vaja panna,&#8221; kirjeldas Korea. Tema s\u00f5nul sobisid kaks b\u00e4ndi nii energialt kui k\u00f5lalt v\u00e4ga h\u00e4sti kokku. &#8220;Nemad osutusid meie p\u00e4\u00e4steingliteks. See on \u00f5nn, et k\u00f5ik nii h\u00e4sti l\u00e4ks. Ma arvan k\u00fcll, et see oli meie jaoks h\u00e4sti-h\u00e4sti soodne juhus.&#8221;<\/p>\n<p>Esimese \u00fchise lauluna s\u00fcndis &#8220;(Nendest) narkootikumidest ei tea me (k\u00fcll) mitte midagi&#8221;, mis Eestit 2024. aastal Eurovisioonil esindas. Lauluv\u00f5istluselt tuldi koju 20. kohaga.<\/p>\n<p>&#8220;Eurovisioon oli selline, et me vist unustasime \u00e4ra, et me l\u00e4hme Eurovisioonile. V\u00e4hemalt mul oli sellest k\u00f5igest v\u00e4simus ja see Eurovisioonil k\u00e4ik j\u00e4i ideestamata. Ta oli lihtsalt k\u00e4ik k\u00e4imise p\u00e4rast,&#8221; pole Kohver tehtuga rahul.<\/p>\n<p>Aga kahe b\u00e4ndi koost\u00f6\u00f6st s\u00fcndis veel terve nimekiri lugusid, mis \u00fchisele albumile &#8220;Kannatused ehk K\u00fclakiigel pole stopperit&#8221; j\u00f5udsid. Kohveri s\u00f5nul avanes koost\u00f6\u00f6s Puuluubiga t\u00e4iesti teistmoodi 5miinust.<\/p>\n<p>&#8220;Tekstid olid sellised, et r\u00e4\u00e4kisime p\u00e4ris asjast. Referentspunktid ei olnud enam varasemad r\u00e4pilood v\u00f5i Youtube&#8217;i videod, vaid poliitika ja kirjandusklassika. L\u00e4ks t\u00f5sisemaks ja p\u00e4ris asjaks,&#8221; kirjeldas ta ja lisas, et enne Puuluubiga plaadi tegemist oldi m\u00f5nev\u00f5rra eksinud.<\/p>\n<p>&#8220;Ei olnud p\u00e4ris vana 5miinust, aga ei olnud ka 5miinusest lahti lasknud. Puuluubiga oli meil l\u00f5puks julgus t\u00f5mmata k\u00fcljest haagis, milles oli &#8220;Erootikapood&#8221;, &#8220;Trena\u017e\u00f6\u00f6r&#8221; ja &#8220;Deliirium&#8221;,&#8221; r\u00e4\u00e4kis ta.<\/p>\n<p><img decoding=\"async\" data-photo-id=\"2389749\" src=\"https:\/\/www.europesays.com\/ee\/wp-content\/uploads\/2026\/07\/2389749h8b29t24.jpg\"\/>Puuluup ja 5miinust Eurovisioonil Autor\/allikas: Alma Bengtsson\/EBU<\/p>\n<p>Neile, kes vana 5miinust tagasi igatseb, soovitab Kohver vanad lood \u00fcles otsida. &#8220;Need on ju olemas. Ma ei kujuta ette, et me hakkaksime &#8220;Erootikapood 2.0&#8243; tegema,&#8221; tunnistas ta.<\/p>\n<p>P\u00e4evakoer n\u00e4eb &#8220;tooge vana 5miinust tagasi&#8221; stiilis kommentaare komplimendina, sest b\u00e4nd peabki ajas muutuma.<\/p>\n<p>&#8220;Me oleme enda jaoks proovinud alati teha asju huvitavaks, veidi katsetada s\u00fcgavat ja mudast vett. Natukene peabki riskima. Kindlasti on palju inimesi, kes j\u00e4idki esimese plaadi juurde ja ei tahtnudki edasi kuulata. On ka neid, kes tulid p\u00e4rast seda juurde. See k\u00f5ik on okei,&#8221; lausus ta.<\/p>\n<p>Seda, et nii-\u00f6elda vana 5miinuse stiilis lood taas s\u00fcndima hakkavad, on Lancelotil keeruline n\u00e4ha. &#8220;Me oleme juba p\u00e4ris vanad inimesed. Kui me hakkaksime r\u00e4\u00e4kima, et pane pidu ja joo viina, siis see oleks kohatu,&#8221; naeris ta.<\/p>\n<p>Kuigi Spotifys number \u00fcheks t\u00f5usmine pakuks neile j\u00e4tkuvalt r\u00f5\u00f5mu, on tema s\u00f5nul ka nende kuulajaskond t\u00e4naseks muutunud.<\/p>\n<p>&#8220;Me ise tunnetame \u00e4ra, kes su p\u00f5hikuulaja on, mis vanuses ta on ja mida ta kuulata tahab. T\u00e4na on seal teised nimed. Ma arvan, et peor\u00e4pi skenesse meie ilmselt enam tagasi ei l\u00e4he. Never say never, aga ma ei n\u00e4e seda juhtumas.&#8221;<\/p>\n<p>Lisaks Eurovisioonile on b\u00e4nd saanud esineda Eesti vabariigi aastap\u00e4eval. &#8220;Kui ma l\u00e4heks k\u00fcmme aastat tagasi ja istuks iseendaga laua taga ja \u00fctleks, et selline v\u00e4rk hakkab juhtuma, see ei oleks usutav,&#8221; tunnistas Lancelot. &#8220;Milliseid asju me oleme teinud!&#8221;<\/p>\n<p>Vabariigi aastap\u00e4eval esinemine oli P\u00e4evakoera s\u00f5nul t\u00f5eline \u00fcllatus. &#8220;See on lihtsalt v\u00e4ga hea n\u00e4ide sellest, et Eesti \u00fchiskond on saanud aru, et see on olnud \u0161\u00f5u ja need on olnud karakterid. T\u00e4pselt nii nagu meie ei ole v\u00f5tnud ennast liiga palju t\u00f5siselt, on seda teinud ka Eesti inimene,&#8221; r\u00e4\u00e4kis ta.<\/p>\n<p><img decoding=\"async\" data-photo-id=\"938092\" src=\"https:\/\/www.europesays.com\/ee\/wp-content\/uploads\/2026\/07\/938092ha4c9t24.jpg\"\/>Vabariigi aastap\u00e4ev Paides Autor\/allikas: Siim L\u00f5vi\/ERR<\/p>\n<p>Perekond, mitte s\u00f5brad <\/p>\n<p>Seda, mida tulevik b\u00e4ndile toob, on raske ette ennustada. Kuna meestel on kodus v\u00e4ikesed lapsed, on Kohveri s\u00f5nul b\u00e4nd praegu dekreedis.<\/p>\n<p>&#8220;Mina olen kogu aeg r\u00e4\u00e4kinud, et hobusele tuleb tulistada kuul p\u00e4he, aga seda momenti ei ole tekkinud. Ma ei tea, kas see moment tekib ka. Eks meil on ikka olnud m\u00f5tteid, et oleks targem \u00e4ra l\u00f5petada, kui ei ole ideid. Praegu on b\u00e4nd dekreedis, k\u00f5igil on kodus pisikesed lapsed, aga meil on jube tahtmine j\u00e4lle midagi teha, s\u00fcgeleb veidi,&#8221; avas ta.<\/p>\n<p>Tema s\u00f5nul on b\u00e4ndist nende k\u00fcmne aastaga kasvanud perekond. &#8220;Kirjutasin nagu vanamees p\u00e4rast \u00fcht keikkat b\u00e4ndi-chat&#8217;i, et jube pull, et punkt koos on ja panin s\u00fcdame-emoji&#8217;sid. Me ei ole enam s\u00f5brad, me oleme pere. Mingi aste on vahel. Eks me kunagi teineteise kirstusid kanname. &#8220;<\/p>\n","protected":false},"excerpt":{"rendered":"Ansambel 5miinust t\u00e4histab t\u00e4navu k\u00fcmnendat tegutsemisaastat. Selle aja jooksul on s\u00f5prade siseringis s\u00fcndinud naljaprojektist kasvanud \u00fcks Eesti populaarsemaid&hellip;\n","protected":false},"author":2,"featured_media":225601,"comment_status":"","ping_status":"","sticky":false,"template":"","format":"standard","meta":{"footnotes":"","_share_on_mastodon":"0"},"categories":[12],"tags":[708,26,27,37,33,35,8219,34,36,31,32,21,23340,28,29,19,33770,2031,25,23,24,22,20,30],"class_list":["post-225600","post","type-post","status-publish","format-standard","has-post-thumbnail","category-eesti","tag-5miinust","tag-breaking-news","tag-breakingnews","tag-ee","tag-eesti","tag-eesti-keel","tag-estoni-kohver","tag-estonia","tag-estonian","tag-featured-news","tag-featurednews","tag-headlines","tag-lancelot","tag-latest-news","tag-latestnews","tag-news","tag-paevakoer","tag-pohja-korea","tag-populaarseimad-lood","tag-top-stories","tag-topstories","tag-uldised-uudised","tag-uudised","tag-viimased-uudised"],"share_on_mastodon":{"url":"https:\/\/pubeurope.com\/@ee\/116900278369766889","error":""},"_links":{"self":[{"href":"https:\/\/www.europesays.com\/ee\/wp-json\/wp\/v2\/posts\/225600","targetHints":{"allow":["GET"]}}],"collection":[{"href":"https:\/\/www.europesays.com\/ee\/wp-json\/wp\/v2\/posts"}],"about":[{"href":"https:\/\/www.europesays.com\/ee\/wp-json\/wp\/v2\/types\/post"}],"author":[{"embeddable":true,"href":"https:\/\/www.europesays.com\/ee\/wp-json\/wp\/v2\/users\/2"}],"replies":[{"embeddable":true,"href":"https:\/\/www.europesays.com\/ee\/wp-json\/wp\/v2\/comments?post=225600"}],"version-history":[{"count":0,"href":"https:\/\/www.europesays.com\/ee\/wp-json\/wp\/v2\/posts\/225600\/revisions"}],"wp:featuredmedia":[{"embeddable":true,"href":"https:\/\/www.europesays.com\/ee\/wp-json\/wp\/v2\/media\/225601"}],"wp:attachment":[{"href":"https:\/\/www.europesays.com\/ee\/wp-json\/wp\/v2\/media?parent=225600"}],"wp:term":[{"taxonomy":"category","embeddable":true,"href":"https:\/\/www.europesays.com\/ee\/wp-json\/wp\/v2\/categories?post=225600"},{"taxonomy":"post_tag","embeddable":true,"href":"https:\/\/www.europesays.com\/ee\/wp-json\/wp\/v2\/tags?post=225600"}],"curies":[{"name":"wp","href":"https:\/\/api.w.org\/{rel}","templated":true}]}}