{"id":225852,"date":"2026-07-11T15:40:29","date_gmt":"2026-07-11T15:40:29","guid":{"rendered":"https:\/\/www.europesays.com\/ee\/225852\/"},"modified":"2026-07-11T15:40:29","modified_gmt":"2026-07-11T15:40:29","slug":"rootsist-algav-liblikaefekt-toob-levadiale-premium-liigas-kuu-pikkuse-mangupausi-soccernet-ee","status":"publish","type":"post","link":"https:\/\/www.europesays.com\/ee\/225852\/","title":{"rendered":"Rootsist algav liblikaefekt toob Levadiale Premium liigas kuu pikkuse m\u00e4ngupausi &#8211; Soccernet.ee"},"content":{"rendered":"<p><a href=\"https:\/\/soccernet.ee\/fotod\/pl-tallinna-fci-levadia-tallinna-fc-flora18\" rel=\"nofollow noopener\" target=\"_blank\"><img decoding=\"async\" src=\"https:\/\/www.europesays.com\/ee\/wp-content\/uploads\/2026\/07\/1782679425.jpg\" alt=\"FCI Levadia alistas eile v\u00f5\u00f5rsil 5:0 Caernarfoni. Foto: Liisi Troska \/ jalgpall.ee\"\/><\/a>&#13;\n<\/p>\n<p>FCI Levadia 5:0 v\u00f5it Konverentsiliiga esimese eelringi v\u00f5\u00f5rsilm\u00e4ngus Walesi klubi Caernarfoni \u00fcle t\u00e4hendab, et \u00fclisuure t\u00f5en\u00e4osusega tuleb Premium liigas juba \u00f5ige pea m\u00e4ngugraafikut pisut muuta.<\/p>\n<p>Nimelt toimuks Levadia edasip\u00e4\u00e4su korral nende teise ringi avam\u00e4ng IFK G\u00f6teborgiga tavap\u00e4rase neljap\u00e4eva asemel juba teisip\u00e4eval, 21. juulil &#8211; seda seet\u00f5ttu, et G\u00f6teborgis asuvat Ullevi staadionit kasutab sama n\u00e4dala neljap\u00e4eval kodum\u00e4nguks teine sama linna klubi GAIS.&#13;\n<\/p>\n<p>Levadia peaks praeguse seisuga kahe Caernarfoniga peetava m\u00e4ngu j\u00e4rel kohtuma j\u00e4rgmisel p\u00fchap\u00e4eval, 19. juulil kodus Tammekaga, aga edasip\u00e4\u00e4su korral l\u00fckatakse see m\u00e4ng ametlikult edasi 16. septembrile.&#13;\n<\/p>\n<p>Kuna Premium liigas lubatakse eurosarjas osalevatele klubidele m\u00e4nguvaba n\u00e4dalavahetus kahe sama eurovastase vastu peetava m\u00e4ngu vahel, siis saab Levadia G\u00f6teborgist alguse saanud liblikaefekti t\u00f5ttu koduliigas peaaegu kuu aja pikkuse m\u00e4ngupausi &#8211; viimati k\u00e4isid Vjat\u0161eslav Zahovaiko hoolealused liigam\u00e4ngus platsil 4. juulil Transi vastu, j\u00e4rgmine kohtumine toimub t\u00f5en\u00e4oliselt 2. augustil P\u00e4rnu Vapruse vastu.<\/p>\n","protected":false},"excerpt":{"rendered":"&#13; FCI Levadia 5:0 v\u00f5it Konverentsiliiga esimese eelringi v\u00f5\u00f5rsilm\u00e4ngus Walesi klubi Caernarfoni \u00fcle t\u00e4hendab, et \u00fclisuure t\u00f5en\u00e4osusega tuleb&hellip;\n","protected":false},"author":2,"featured_media":225853,"comment_status":"","ping_status":"","sticky":false,"template":"","format":"standard","meta":{"footnotes":"","_share_on_mastodon":"0"},"categories":[18],"tags":[91075,37,33,35,34,36,1572,91375,2553,29996,1358,159,158,1549,91376],"class_list":["post-225852","post","type-post","status-publish","format-standard","has-post-thumbnail","category-sport","tag-caernarfon","tag-ee","tag-eesti","tag-eesti-keel","tag-estonia","tag-estonian","tag-fci-levadia","tag-gais","tag-goteborg","tag-ifk-goteborg","tag-levadia","tag-sport","tag-sports","tag-tallinna-fci-levadia","tag-ullevi"],"share_on_mastodon":{"url":"https:\/\/pubeurope.com\/@ee\/116902102953071038","error":""},"_links":{"self":[{"href":"https:\/\/www.europesays.com\/ee\/wp-json\/wp\/v2\/posts\/225852","targetHints":{"allow":["GET"]}}],"collection":[{"href":"https:\/\/www.europesays.com\/ee\/wp-json\/wp\/v2\/posts"}],"about":[{"href":"https:\/\/www.europesays.com\/ee\/wp-json\/wp\/v2\/types\/post"}],"author":[{"embeddable":true,"href":"https:\/\/www.europesays.com\/ee\/wp-json\/wp\/v2\/users\/2"}],"replies":[{"embeddable":true,"href":"https:\/\/www.europesays.com\/ee\/wp-json\/wp\/v2\/comments?post=225852"}],"version-history":[{"count":0,"href":"https:\/\/www.europesays.com\/ee\/wp-json\/wp\/v2\/posts\/225852\/revisions"}],"wp:featuredmedia":[{"embeddable":true,"href":"https:\/\/www.europesays.com\/ee\/wp-json\/wp\/v2\/media\/225853"}],"wp:attachment":[{"href":"https:\/\/www.europesays.com\/ee\/wp-json\/wp\/v2\/media?parent=225852"}],"wp:term":[{"taxonomy":"category","embeddable":true,"href":"https:\/\/www.europesays.com\/ee\/wp-json\/wp\/v2\/categories?post=225852"},{"taxonomy":"post_tag","embeddable":true,"href":"https:\/\/www.europesays.com\/ee\/wp-json\/wp\/v2\/tags?post=225852"}],"curies":[{"name":"wp","href":"https:\/\/api.w.org\/{rel}","templated":true}]}}