{"id":225880,"date":"2026-07-11T16:40:28","date_gmt":"2026-07-11T16:40:28","guid":{"rendered":"https:\/\/www.europesays.com\/ee\/225880\/"},"modified":"2026-07-11T16:40:28","modified_gmt":"2026-07-11T16:40:28","slug":"kolmandas-setis-oleks-raskeks-lainud-puusavaluga-voidelnud-markus-molder-tuli-esimest-korda-eesti-meistriks","status":"publish","type":"post","link":"https:\/\/www.europesays.com\/ee\/225880\/","title":{"rendered":"\u00abKolmandas setis oleks raskeks l\u00e4inud.\u00bb Puusavaluga v\u00f5idelnud Markus M\u00f6lder tuli esimest korda Eesti meistriks"},"content":{"rendered":"<p>Finaali kaotaja Adamson oli kokkuv\u00f5ttes rahul. \u00abFinaal l\u00e4ks nagu l\u00e4ks, ei olnud t\u00e4na minu p\u00e4ev, aga enne tegin p\u00e4ris h\u00e4id tulemusi. Nendes m\u00e4ngudes tegin v\u00e4hem vigu,\u00bb \u00fctles Adamson. 16-aastane tennisist \u00fctles, et praeguse edu ainus \u00absaladus\u00bb on see, et ta on saanud viimastel n\u00e4dalatel rohkem trenni teha.<\/p>\n<p>\u00abPool aastat olin randmevigastuse t\u00f5ttu \u00fcldse tennisest k\u00f5rval, aga ka p\u00e4rast seda ei olnud mul Eesti eriti v\u00f5imalusi kellegagi harjutada. N\u00fc\u00fcd l\u00e4ksin Prantsusmaale, tegin kuus tundi p\u00e4evas trenni ja kohe sain hea tulemuse.\u00bb<\/p>\n<p>Lisaks Mal\u00f5ginale kaitses t\u00e4navu tiitlit naispaar Grete Gull\/Laura Rahnel. Kuigi nende vastased Anikina ja Valeria Gorlat\u0161 suutsid m\u00e4ngida ilusaid pallivahetusi ja neist ka punkte noppida, olid mullused meistrid siiski \u00fcle 6:2, 6:3. USA-s on m\u00f5lemad m\u00e4nginud uute paarilistega, aga see ei takistanud Gullil ja Rahnelil kokkum\u00e4ngu leidmast.<\/p>\n<p><img decoding=\"async\" class=\"figure__image\" onclick=\"triggerEvent('articleImageClick', { id: 17774658, focus: 'single-image', focusIndex: '17774658' })\" onkeydown=\"if (event.key === 'Enter') {&#10;        triggerEvent('articleImageClick', { id: 17774658, focus: 'single-image', focusIndex: '17774658' })&#10;        }\" role=\"button\" tabindex=\"0\" data-focus-from=\"single-image\" data-focus-index=\"17774658\" src=\"https:\/\/www.europesays.com\/ee\/wp-content\/uploads\/2026\/07\/17774658t1h4f06.jpg\"  onload=\"this.parentElement.classList.remove('figure__image-loading')\" alt=\"Grete Gull ja Laura Rahnel.\"\/>Grete Gull ja Laura Rahnel. Foto: Rein Kompus<\/p>\n<p>\u00abOleme nii kaua olnud head s\u00f5brannad ja see kindlasti loeb,\u00bb \u00fctles Gull. Rahnel lisas: \u00abEsimese ringi m\u00e4ngus me veel h\u00e4sti k\u00e4ima ei saanud, vajas veidi harjumist.\u00bb<\/p>\n<p>\u00ab\u00dcksikm\u00e4nguga ei saa muidugi rahule j\u00e4\u00e4da,\u00bb \u00fctles Gull. Rahnel oli aga \u00abfilosoofiline\u00bb: \u00abEtte ei tea kunagi, mis v\u00f5ib juhtuda.\u00bb<\/p>\n<p>Meeste paarism\u00e4ngu finaalis vahetas juunioride paar Edwin Averjanov\/Ken Ink mulluse teise koha meistritiitli vastu. Nad alistasid Henry Ink\u2019i ja Samuel Mandelkorni 6:3, 6:2.<\/p>\n<p>Viimased meistrid selgitati segapaarism\u00e4ngus. Selle m\u00e4ngustiili \u00abspetsialist\u00bb on Karl Kiur Saar, kes on koos Maileen Nuudiga tulnud kolm korda (2018, 2021, 2023) segapaarism\u00e4ngu Eesti meistriks. Kuid ka tema vastaspoolel oli Grete Gull korra (2022) segapaarism\u00e4ngu v\u00f5itnud koos Johannes Seemaniga.<\/p>\n<p><img decoding=\"async\" class=\"figure__image\" onclick=\"triggerEvent('articleImageClick', { id: 17774660, focus: 'single-image', focusIndex: '17774660' })\" onkeydown=\"if (event.key === 'Enter') {&#10;        triggerEvent('articleImageClick', { id: 17774660, focus: 'single-image', focusIndex: '17774660' })&#10;        }\" role=\"button\" tabindex=\"0\" data-focus-from=\"single-image\" data-focus-index=\"17774660\" src=\"https:\/\/www.europesays.com\/ee\/wp-content\/uploads\/2026\/07\/17774660t1hc5b8.jpg\"  onload=\"this.parentElement.classList.remove('figure__image-loading')\" alt=\"Edwin Averjanov ja Ken Ink\"\/>Edwin Averjanov ja Ken Ink Foto: Rein Kompus<\/p>\n<p>Saart vaevas turniiri algusest peale k\u00fc\u00fcnarnukivigastus ning ta loobus \u00fcksik- ja meeste paarism\u00e4ngust, aga m\u00e4ngis koos Elizaveta Anikinaga l\u00f5puni segapaarism\u00e4ngu.<\/p>\n<p>Neljas tiitel Saarele (koos meespaarism\u00e4nguga viies) ning esimene Anikinale tuligi 7:5, 6:4 v\u00f5iduga Gulli ja Henry Ink\u2019i (3) \u00fcle. Anikina\/Saar olid teises setis murdega taga ja siis veel oma servil 3:4, 0:40, aga nad suutsid otsustavaid punkte paremini m\u00e4ngida.<\/p>\n","protected":false},"excerpt":{"rendered":"Finaali kaotaja Adamson oli kokkuv\u00f5ttes rahul. \u00abFinaal l\u00e4ks nagu l\u00e4ks, ei olnud t\u00e4na minu p\u00e4ev, aga enne tegin&hellip;\n","protected":false},"author":2,"featured_media":225881,"comment_status":"","ping_status":"","sticky":false,"template":"","format":"standard","meta":{"footnotes":"","_share_on_mastodon":"0"},"categories":[5],"tags":[26,27,23800,37,33,35,555,19075,34,36,31,32,91380,21,89850,15972,18415,23802,28,29,84583,40588,6878,19,23801,25,68559,23,24,22,20,30],"class_list":["post-225880","post","type-post","status-publish","format-standard","has-post-thumbnail","category-uldised-uudised","tag-breaking-news","tag-breakingnews","tag-edwin-averjanov","tag-ee","tag-eesti","tag-eesti-keel","tag-elena-malogina","tag-elizaveta-anikina","tag-estonia","tag-estonian","tag-featured-news","tag-featurednews","tag-grete-gull","tag-headlines","tag-henry-ink","tag-johannes-seeman","tag-karl-kiur-saar","tag-ken-ink","tag-latest-news","tag-latestnews","tag-laura-rahnel","tag-maileen-nuudi","tag-markus-molder","tag-news","tag-nora-olivia-adamson","tag-populaarseimad-lood","tag-samuel-mandelkorn","tag-top-stories","tag-topstories","tag-uldised-uudised","tag-uudised","tag-viimased-uudised"],"share_on_mastodon":{"url":"","error":"Validation failed: Text character limit of 500 exceeded"},"_links":{"self":[{"href":"https:\/\/www.europesays.com\/ee\/wp-json\/wp\/v2\/posts\/225880","targetHints":{"allow":["GET"]}}],"collection":[{"href":"https:\/\/www.europesays.com\/ee\/wp-json\/wp\/v2\/posts"}],"about":[{"href":"https:\/\/www.europesays.com\/ee\/wp-json\/wp\/v2\/types\/post"}],"author":[{"embeddable":true,"href":"https:\/\/www.europesays.com\/ee\/wp-json\/wp\/v2\/users\/2"}],"replies":[{"embeddable":true,"href":"https:\/\/www.europesays.com\/ee\/wp-json\/wp\/v2\/comments?post=225880"}],"version-history":[{"count":0,"href":"https:\/\/www.europesays.com\/ee\/wp-json\/wp\/v2\/posts\/225880\/revisions"}],"wp:featuredmedia":[{"embeddable":true,"href":"https:\/\/www.europesays.com\/ee\/wp-json\/wp\/v2\/media\/225881"}],"wp:attachment":[{"href":"https:\/\/www.europesays.com\/ee\/wp-json\/wp\/v2\/media?parent=225880"}],"wp:term":[{"taxonomy":"category","embeddable":true,"href":"https:\/\/www.europesays.com\/ee\/wp-json\/wp\/v2\/categories?post=225880"},{"taxonomy":"post_tag","embeddable":true,"href":"https:\/\/www.europesays.com\/ee\/wp-json\/wp\/v2\/tags?post=225880"}],"curies":[{"name":"wp","href":"https:\/\/api.w.org\/{rel}","templated":true}]}}