{"id":225895,"date":"2026-07-11T17:23:30","date_gmt":"2026-07-11T17:23:30","guid":{"rendered":"https:\/\/www.europesays.com\/ee\/225895\/"},"modified":"2026-07-11T17:23:30","modified_gmt":"2026-07-11T17:23:30","slug":"etv-toob-vaatajateni-torva-muusikat-tais-juubelipeo-tele-2","status":"publish","type":"post","link":"https:\/\/www.europesays.com\/ee\/225895\/","title":{"rendered":"ETV toob vaatajateni T\u00f5rva muusikat t\u00e4is juubelipeo | Tele"},"content":{"rendered":"<p>T\u00f5rvast p\u00e4rit maailmalavade ooperilaulja Monika-Evelin Liiv korraldas oma kodulinnale juuli alguses v\u00f5imsa s\u00fcnnip\u00e4evapeo. Piduliku s\u00fcndmuse eredatest hetkedest saab ETV vahendusel osa sel p\u00fchap\u00e4eval.<\/p>\n<p>T\u00f5rva 100. s\u00fcnnip\u00e4eva t\u00e4histamiseks kerkis linnas\u00fcdamesse uhke lava, kust j\u00f5udsid kuulajateni James Bondi filmide nimilood, Gershwini tuntud teosed ja muud muusikap\u00e4rlid. Kontsertesitusele tuli ka George Gershwini ooper &#8220;Porgy ja Bess&#8221;, mis k\u00f5las T\u00f5rvas pea 30 aastat tagasi.<\/p>\n<p>Juubelipeo kunstiline juht oli hinnatud ooperilaulja, T\u00f5rvast p\u00e4rit Monika-Evelin Liiv. Maailmakuulsaid muusikap\u00e4rleid esitasid juuli esimesel n\u00e4dalavahetusel Koit Toome, Tanja Mihhailova, Monika-Evelin Liiv ning tema kuulsad s\u00f5brad L\u00e4tist L\u00f5una-Aafrikani. Lava t\u00e4itsid muusikaga P\u00e4rnu S\u00fcmfooniaorkester koos dirigent Henri Christofer Aavikuga, kammerkoor Collegium Musicale ja segakoor Huik.<br \/>\u00a0<br \/>ETV kontsertsaates k\u00f5lavad T\u00f5rva ooperip\u00e4evade p\u00e4rlid ja juttu tehakse ka artistidega. Lisaks muusikale vaadatakse ringi T\u00f5rvas ja selle \u00fcmbruses.<\/p>\n<p>&#8220;Agent 007 hitid ja Gershwini muusikap\u00e4rlid T\u00f5rvas&#8221; on ETV ekraanil p\u00fchap\u00e4eval, 12. juulil kell 21.35<\/p>\n","protected":false},"excerpt":{"rendered":"T\u00f5rvast p\u00e4rit maailmalavade ooperilaulja Monika-Evelin Liiv korraldas oma kodulinnale juuli alguses v\u00f5imsa s\u00fcnnip\u00e4evapeo. Piduliku s\u00fcndmuse eredatest hetkedest saab&hellip;\n","protected":false},"author":2,"featured_media":225630,"comment_status":"","ping_status":"","sticky":false,"template":"","format":"standard","meta":{"footnotes":"","_share_on_mastodon":"0"},"categories":[12],"tags":[26,27,37,33,35,34,36,31,32,21,28,29,44926,19,25,23,24,13630,22,20,30],"class_list":["post-225895","post","type-post","status-publish","format-standard","has-post-thumbnail","category-eesti","tag-breaking-news","tag-breakingnews","tag-ee","tag-eesti","tag-eesti-keel","tag-estonia","tag-estonian","tag-featured-news","tag-featurednews","tag-headlines","tag-latest-news","tag-latestnews","tag-monika-evelin-liiv","tag-news","tag-populaarseimad-lood","tag-top-stories","tag-topstories","tag-torva","tag-uldised-uudised","tag-uudised","tag-viimased-uudised"],"share_on_mastodon":{"url":"https:\/\/pubeurope.com\/@ee\/116902507555397067","error":""},"_links":{"self":[{"href":"https:\/\/www.europesays.com\/ee\/wp-json\/wp\/v2\/posts\/225895","targetHints":{"allow":["GET"]}}],"collection":[{"href":"https:\/\/www.europesays.com\/ee\/wp-json\/wp\/v2\/posts"}],"about":[{"href":"https:\/\/www.europesays.com\/ee\/wp-json\/wp\/v2\/types\/post"}],"author":[{"embeddable":true,"href":"https:\/\/www.europesays.com\/ee\/wp-json\/wp\/v2\/users\/2"}],"replies":[{"embeddable":true,"href":"https:\/\/www.europesays.com\/ee\/wp-json\/wp\/v2\/comments?post=225895"}],"version-history":[{"count":0,"href":"https:\/\/www.europesays.com\/ee\/wp-json\/wp\/v2\/posts\/225895\/revisions"}],"wp:featuredmedia":[{"embeddable":true,"href":"https:\/\/www.europesays.com\/ee\/wp-json\/wp\/v2\/media\/225630"}],"wp:attachment":[{"href":"https:\/\/www.europesays.com\/ee\/wp-json\/wp\/v2\/media?parent=225895"}],"wp:term":[{"taxonomy":"category","embeddable":true,"href":"https:\/\/www.europesays.com\/ee\/wp-json\/wp\/v2\/categories?post=225895"},{"taxonomy":"post_tag","embeddable":true,"href":"https:\/\/www.europesays.com\/ee\/wp-json\/wp\/v2\/tags?post=225895"}],"curies":[{"name":"wp","href":"https:\/\/api.w.org\/{rel}","templated":true}]}}