{"id":225916,"date":"2026-07-11T18:07:51","date_gmt":"2026-07-11T18:07:51","guid":{"rendered":"https:\/\/www.europesays.com\/ee\/225916\/"},"modified":"2026-07-11T18:07:51","modified_gmt":"2026-07-11T18:07:51","slug":"euroopa-sai-kliimaajalukku-kirja-koigi-aegade-kuumima-juuni","status":"publish","type":"post","link":"https:\/\/www.europesays.com\/ee\/225916\/","title":{"rendered":"Euroopa sai kliimaajalukku kirja k\u00f5igi aegade kuumima juuni"},"content":{"rendered":"<p>Euroopas oli t\u00e4navu m\u00f5\u00f5tmisajaloo k\u00f5ige kuumem juuni, teatas Euroopa keskpika ilmaennustuse keskus ECMWF. Rekord j\u00e4rgnes juba mai l\u00f5pus alanud varajasele kuumalainele ning juuli alguses tabas Euroopat uus palavus.<\/p>\n<p class=\"isSelectedEnd\">ECMWFi s\u00f5nul n\u00e4itab j\u00e4rjestikuste kuumalainete sagenemine, et kliimamuutused muudavad \u00e4\u00e4rmusliku kuumuse \u00fcha tavalisemaks ja intensiivsemaks. Eriti kiiresti soojeneb Euroopa, mida m\u00f5jutab tugevalt Arktika j\u00e4\u00e4 sulamine.\u201eTemperatuurirekordid on otsene t\u00f5end sellest, et planeedi kliimas\u00fcsteem j\u00e4tkab soojuse kogumist,\u201c \u00fctles ECMWFi kliimateenistuse asedirektor Samantha Burgess.<\/p>\n<p class=\"isSelectedEnd\">Rekordiline polnud \u00fcksnes \u00f5hutemperatuur. Polaaraladest v\u00e4ljapoole j\u00e4\u00e4vate ookeanide pinnavesi oli juunis samuti m\u00f5\u00f5tmisajaloo k\u00f5ige soojem. Ookeanid on neelanud ligikaudu 90 protsenti inimtegevuse p\u00f5hjustatud liigsest soojusest, kuid vee soojenedes v\u00e4heneb nende v\u00f5ime temperatuurik\u00f5ikumisi tasandada.<\/p>\n<p class=\"isSelectedEnd\">Arktika soojeneb praegu \u00fclej\u00e4\u00e4nud maailmast umbes neli korda kiiremini. Teadlaste hinnangul v\u00f5ib seal v\u00e4hemalt \u00fchel septembrip\u00e4eval meri enne 2050. aastat peaaegu t\u00e4ielikult j\u00e4\u00e4vabaks muutuda isegi juhul, kui kasvuhoonegaaside heidet v\u00e4hendatakse.<\/p>\n<p>Juunis j\u00e4i merej\u00e4\u00e4 pindala Antarktikas keskmisest umbes kaheksa ja Arktikas viis protsenti v\u00e4iksemaks. Eriti v\u00e4he oli j\u00e4\u00e4d Barentsi mere p\u00f5hjaosas, Teravm\u00e4gede ja Franz Josephi maa \u00fcmbruses.<\/p>\n<p>Kuidas see lugu Sind end tundma pani? Saada <a href=\"https:\/\/forte.delfi.ee\/artikkel\/120596320\/euroopa-sai-kliimaajalukku-kirja-koigi-aegade-kuumima-juuni\/kommentaarid\" class=\"article-body-bottom__comment article-body-bottom__comment--write button button--primary button--size-auto\" rel=\"nofollow noopener\" target=\"_blank\"> Kommenteeri <\/a><a href=\"https:\/\/forte.delfi.ee\/artikkel\/120596320\/euroopa-sai-kliimaajalukku-kirja-koigi-aegade-kuumima-juuni\/kommentaarid\" class=\"article-body-bottom__comment article-body-bottom__comment--read button button--size-auto\" rel=\"nofollow noopener\" target=\"_blank\"> Loe kommentaare (64)<\/a><\/p>\n","protected":false},"excerpt":{"rendered":"Euroopas oli t\u00e4navu m\u00f5\u00f5tmisajaloo k\u00f5ige kuumem juuni, teatas Euroopa keskpika ilmaennustuse keskus ECMWF. Rekord j\u00e4rgnes juba mai l\u00f5pus&hellip;\n","protected":false},"author":2,"featured_media":225917,"comment_status":"","ping_status":"","sticky":false,"template":"","format":"standard","meta":{"footnotes":"","_share_on_mastodon":"0"},"categories":[12],"tags":[26,27,37,33,35,34,36,31,32,21,4326,28,29,19,25,23,24,22,20,30],"class_list":["post-225916","post","type-post","status-publish","format-standard","has-post-thumbnail","category-eesti","tag-breaking-news","tag-breakingnews","tag-ee","tag-eesti","tag-eesti-keel","tag-estonia","tag-estonian","tag-featured-news","tag-featurednews","tag-headlines","tag-kliima","tag-latest-news","tag-latestnews","tag-news","tag-populaarseimad-lood","tag-top-stories","tag-topstories","tag-uldised-uudised","tag-uudised","tag-viimased-uudised"],"share_on_mastodon":{"url":"https:\/\/pubeurope.com\/@ee\/116902684718665707","error":""},"_links":{"self":[{"href":"https:\/\/www.europesays.com\/ee\/wp-json\/wp\/v2\/posts\/225916","targetHints":{"allow":["GET"]}}],"collection":[{"href":"https:\/\/www.europesays.com\/ee\/wp-json\/wp\/v2\/posts"}],"about":[{"href":"https:\/\/www.europesays.com\/ee\/wp-json\/wp\/v2\/types\/post"}],"author":[{"embeddable":true,"href":"https:\/\/www.europesays.com\/ee\/wp-json\/wp\/v2\/users\/2"}],"replies":[{"embeddable":true,"href":"https:\/\/www.europesays.com\/ee\/wp-json\/wp\/v2\/comments?post=225916"}],"version-history":[{"count":0,"href":"https:\/\/www.europesays.com\/ee\/wp-json\/wp\/v2\/posts\/225916\/revisions"}],"wp:featuredmedia":[{"embeddable":true,"href":"https:\/\/www.europesays.com\/ee\/wp-json\/wp\/v2\/media\/225917"}],"wp:attachment":[{"href":"https:\/\/www.europesays.com\/ee\/wp-json\/wp\/v2\/media?parent=225916"}],"wp:term":[{"taxonomy":"category","embeddable":true,"href":"https:\/\/www.europesays.com\/ee\/wp-json\/wp\/v2\/categories?post=225916"},{"taxonomy":"post_tag","embeddable":true,"href":"https:\/\/www.europesays.com\/ee\/wp-json\/wp\/v2\/tags?post=225916"}],"curies":[{"name":"wp","href":"https:\/\/api.w.org\/{rel}","templated":true}]}}