{"id":225942,"date":"2026-07-11T19:03:15","date_gmt":"2026-07-11T19:03:15","guid":{"rendered":"https:\/\/www.europesays.com\/ee\/225942\/"},"modified":"2026-07-11T19:03:15","modified_gmt":"2026-07-11T19:03:15","slug":"viis-matspalli-raisanud-noskova-voitis-dramaatilise-wimbledoni-finaali","status":"publish","type":"post","link":"https:\/\/www.europesays.com\/ee\/225942\/","title":{"rendered":"Viis mat\u0161palli raisanud Noskova v\u00f5itis dramaatilise Wimbledoni finaali"},"content":{"rendered":"<p>Noskoval oli suurep\u00e4rane v\u00f5imalus esimest korda Wimbledoni meistriks tulla juba teise seti l\u00f5pus, mil tal oli kasutada viis mat\u0161palli. Kuid Muchova v\u00f5itles isukalt, murdis kahel korral vastase servi ning viis mat\u0161i otsustavasse setti.<\/p>\n<p>Teise seti raskest l\u00f5pust \u00fcle saanud Noskova pani l\u00f5pus paremuse maksma. Seti ainsa murde teinud 21-aastane tennisist ei j\u00e4tnud seekord \u00fchtegi mat\u0161palli juhuse hooleks, l\u00fc\u00fces otsustaval servil \u00e4ssa.<\/p>\n<p>Triumf t\u00e4histab tema karj\u00e4\u00e4ri esimest sl\u00e4mmiturniiri v\u00f5itu. Varem oli tema laeks tunamulluna Austraalia lahtiste veerandfinaal.<\/p>\n<p>Turniiri \u00fcheksanda asetusega alustanud Noskovast sai noorim Wimbledoni naist\u0161empion p\u00e4rast 2011. aastat, mil v\u00f5idutses tema kaasmaalane Petra Kvitov\u00e1.<\/p>\n<p>29-aastase Muchova jaoks oli see teine sl\u00e4mmifinaali kaotus. Wimbledoni seni parim oli tal veerandfinaal, kuhu j\u00f5udis kahel korral.<\/p>\n<p>Noskova l\u00f5i kohtumise jooksul k\u00fcmme \u00e4ssa ning tegi neli topeltviga, Muchova samad n\u00e4itajad olid vastavalt kuus ja \u00fcks. Noskova v\u00f5itis esimeselt servilt 74% punktidest (50\/68) vastase 64% vastu (37\/58). Noskova murdis mat\u0161i jooksul neli ning Muchova kaks korda.<\/p>\n<p>Laup\u00e4eval oli Wimbledonis p\u00f5hjust r\u00f5\u00f5mustada ka soomlastel, sest Harri Heli\u00f6vaara ja britt Henry Patten alistasid meespaarism\u00e4ngu finaalis Marcelo Arevalo (El Salvador) ja Mate Pavici (Horvaatia) 7:6 (7:4), 7:6 (7:3).<\/p>\n<p><img decoding=\"async\" class=\"figure__image\" onclick=\"triggerEvent('articleImageClick', { id: 17776737, focus: 'single-image', focusIndex: '17776737' })\" onkeydown=\"if (event.key === 'Enter') {&#10;        triggerEvent('articleImageClick', { id: 17776737, focus: 'single-image', focusIndex: '17776737' })&#10;        }\" role=\"button\" tabindex=\"0\" data-focus-from=\"single-image\" data-focus-index=\"17776737\" src=\"https:\/\/www.europesays.com\/ee\/wp-content\/uploads\/2026\/07\/17776737t1ha236.png\"  onload=\"this.parentElement.classList.remove('figure__image-loading')\" alt=\"Ekraanipilt\"\/>Ekraanipilt Foto: Kuvat\u00f5mmis<\/p>\n","protected":false},"excerpt":{"rendered":"Noskoval oli suurep\u00e4rane v\u00f5imalus esimest korda Wimbledoni meistriks tulla juba teise seti l\u00f5pus, mil tal oli kasutada viis&hellip;\n","protected":false},"author":2,"featured_media":225943,"comment_status":"","ping_status":"","sticky":false,"template":"","format":"standard","meta":{"footnotes":"","_share_on_mastodon":"0"},"categories":[5],"tags":[26,27,37,33,35,34,36,31,32,21,40374,28,29,7606,19,25,23,24,22,20,30,6777,31212],"class_list":["post-225942","post","type-post","status-publish","format-standard","has-post-thumbnail","category-uldised-uudised","tag-breaking-news","tag-breakingnews","tag-ee","tag-eesti","tag-eesti-keel","tag-estonia","tag-estonian","tag-featured-news","tag-featurednews","tag-headlines","tag-karolina-muchova","tag-latest-news","tag-latestnews","tag-linda-noskova","tag-news","tag-populaarseimad-lood","tag-top-stories","tag-topstories","tag-uldised-uudised","tag-uudised","tag-viimased-uudised","tag-wimbledon","tag-wta"],"share_on_mastodon":{"url":"https:\/\/pubeurope.com\/@ee\/116902900980086764","error":""},"_links":{"self":[{"href":"https:\/\/www.europesays.com\/ee\/wp-json\/wp\/v2\/posts\/225942","targetHints":{"allow":["GET"]}}],"collection":[{"href":"https:\/\/www.europesays.com\/ee\/wp-json\/wp\/v2\/posts"}],"about":[{"href":"https:\/\/www.europesays.com\/ee\/wp-json\/wp\/v2\/types\/post"}],"author":[{"embeddable":true,"href":"https:\/\/www.europesays.com\/ee\/wp-json\/wp\/v2\/users\/2"}],"replies":[{"embeddable":true,"href":"https:\/\/www.europesays.com\/ee\/wp-json\/wp\/v2\/comments?post=225942"}],"version-history":[{"count":0,"href":"https:\/\/www.europesays.com\/ee\/wp-json\/wp\/v2\/posts\/225942\/revisions"}],"wp:featuredmedia":[{"embeddable":true,"href":"https:\/\/www.europesays.com\/ee\/wp-json\/wp\/v2\/media\/225943"}],"wp:attachment":[{"href":"https:\/\/www.europesays.com\/ee\/wp-json\/wp\/v2\/media?parent=225942"}],"wp:term":[{"taxonomy":"category","embeddable":true,"href":"https:\/\/www.europesays.com\/ee\/wp-json\/wp\/v2\/categories?post=225942"},{"taxonomy":"post_tag","embeddable":true,"href":"https:\/\/www.europesays.com\/ee\/wp-json\/wp\/v2\/tags?post=225942"}],"curies":[{"name":"wp","href":"https:\/\/api.w.org\/{rel}","templated":true}]}}