{"id":225983,"date":"2026-07-11T20:39:15","date_gmt":"2026-07-11T20:39:15","guid":{"rendered":"https:\/\/www.europesays.com\/ee\/225983\/"},"modified":"2026-07-11T20:39:15","modified_gmt":"2026-07-11T20:39:15","slug":"20-meetrilt-ristnurka-gouram-loi-hertha-esindusmeeskonna-eest-iluvarava-soccernet-ee","status":"publish","type":"post","link":"https:\/\/www.europesays.com\/ee\/225983\/","title":{"rendered":"20 meetrilt ristnurka! Gouram l\u00f5i Hertha esindusmeeskonna eest iluv\u00e4rava &#8211; Soccernet.ee"},"content":{"rendered":"<p><img decoding=\"async\" src=\"https:\/\/www.europesays.com\/ee\/wp-content\/uploads\/2026\/07\/1783779185.jpg\" alt=\"Soufian Gouram. Foto: J\u00fcrgen Engler \/ picture alliance \/ nordphoto GmbH\"\/>&#13;\n<\/p>\n<p>Eesti poolkaitsja Soufian Gouram l\u00f5i Saksamaa esiliigaklubi Berliini Hertha esindusmeeskonna eest esimese v\u00e4rava, kui kontrollm\u00e4ngus alistati 3:1 Leipzigi Lokomotive.<\/p>\n<p>Hertha algkoosseisu kuulunud Gouram l\u00f5i 37. minutil iluv\u00e4rava, kui keerutas palli umbes 20 meetrilt vasaku jalaga ristnurka ja tegi seisuks 2:1. Gouram vahetati p\u00e4rast 2:1 v\u00f5idetud avapoolaega v\u00e4lja. Hertha l\u00f5i teisel poolajal Saksamaa tugevuselt neljanda liiga meeskonna vastu veel \u00fche v\u00e4rava ja lahkus v\u00e4ljakult 3:1 v\u00f5iduga. Gourami v\u00e4ravat ja m\u00e4ngu t\u00e4ispikkuses saab j\u00e4rele vaadata Hertha YouTube&#8217;i kanalilt.&#13;\n<\/p>\n<p>&#13;\n<\/p>\n<p>20-aastane Gouram on Hertha s\u00fcsteemis m\u00e4nginud juba aastaid ja j\u00f5udnud erinevate noortev\u00f5istkondade kaudu esindusmeeskonda. Ta m\u00e4ngis eelmisel hooajal peamiselt Saksamaa tugevuselt neljandas liigas Hertha duubli eest, aga sai \u00fche m\u00e4ngu kirja ka Saksamaa esiliigas, kui sekkus eelviimases voorus 83. minutil vahetusest.<\/p>\n<p>Uueks hooajaks valmistuv Hertha on pidanud kolm kontrollm\u00e4ngu ja teeninud Saksamaa madalamate liigade meeskondade vastu kolm v\u00f5itu, kui esmalt alistati 15:0 Frohnauer, seej\u00e4rel 9:0 Lichtenberg ja n\u00fc\u00fcd 3:1 Leipzigi Lokomotive. Gouram on k\u00f5igis m\u00e4ngudes kuulunud Hertha algkoosseisu.&#13;\n<\/p>\n<p>Hertha alustab Saksamaa esiliiga hooaega 7. augustil, kui v\u00f5\u00f5rsil minnakse vastamisi Bochumiga. Hertha sai eelmisel hooajal seitsmenda ja Bochum \u00fcheksanda koha.<\/p>\n","protected":false},"excerpt":{"rendered":"&#13; Eesti poolkaitsja Soufian Gouram l\u00f5i Saksamaa esiliigaklubi Berliini Hertha esindusmeeskonna eest esimese v\u00e4rava, kui kontrollm\u00e4ngus alistati 3:1&hellip;\n","protected":false},"author":2,"featured_media":225984,"comment_status":"","ping_status":"","sticky":false,"template":"","format":"standard","meta":{"footnotes":"","_share_on_mastodon":"0"},"categories":[18],"tags":[19133,37,33,35,34,36,14767,14768,91398,91399,51,1634,159,158],"class_list":["post-225983","post","type-post","status-publish","format-standard","has-post-thumbnail","category-sport","tag-berliini-hertha","tag-ee","tag-eesti","tag-eesti-keel","tag-estonia","tag-estonian","tag-gouram","tag-hertha","tag-leipzigi-lokomotive","tag-lokomotive","tag-saksamaa","tag-soufian-gouram","tag-sport","tag-sports"],"share_on_mastodon":{"url":"https:\/\/pubeurope.com\/@ee\/116903278552270361","error":""},"_links":{"self":[{"href":"https:\/\/www.europesays.com\/ee\/wp-json\/wp\/v2\/posts\/225983","targetHints":{"allow":["GET"]}}],"collection":[{"href":"https:\/\/www.europesays.com\/ee\/wp-json\/wp\/v2\/posts"}],"about":[{"href":"https:\/\/www.europesays.com\/ee\/wp-json\/wp\/v2\/types\/post"}],"author":[{"embeddable":true,"href":"https:\/\/www.europesays.com\/ee\/wp-json\/wp\/v2\/users\/2"}],"replies":[{"embeddable":true,"href":"https:\/\/www.europesays.com\/ee\/wp-json\/wp\/v2\/comments?post=225983"}],"version-history":[{"count":0,"href":"https:\/\/www.europesays.com\/ee\/wp-json\/wp\/v2\/posts\/225983\/revisions"}],"wp:featuredmedia":[{"embeddable":true,"href":"https:\/\/www.europesays.com\/ee\/wp-json\/wp\/v2\/media\/225984"}],"wp:attachment":[{"href":"https:\/\/www.europesays.com\/ee\/wp-json\/wp\/v2\/media?parent=225983"}],"wp:term":[{"taxonomy":"category","embeddable":true,"href":"https:\/\/www.europesays.com\/ee\/wp-json\/wp\/v2\/categories?post=225983"},{"taxonomy":"post_tag","embeddable":true,"href":"https:\/\/www.europesays.com\/ee\/wp-json\/wp\/v2\/tags?post=225983"}],"curies":[{"name":"wp","href":"https:\/\/api.w.org\/{rel}","templated":true}]}}