{"id":225997,"date":"2026-07-11T21:12:20","date_gmt":"2026-07-11T21:12:20","guid":{"rendered":"https:\/\/www.europesays.com\/ee\/225997\/"},"modified":"2026-07-11T21:12:20","modified_gmt":"2026-07-11T21:12:20","slug":"eelmisel-kumnendil-levadiat-juhendanud-serblasest-sai-ronaldo-treener-soccernet-ee","status":"publish","type":"post","link":"https:\/\/www.europesays.com\/ee\/225997\/","title":{"rendered":"Eelmisel k\u00fcmnendil Levadiat juhendanud serblasest sai Ronaldo treener &#8211; Soccernet.ee"},"content":{"rendered":"<p><img decoding=\"async\" src=\"https:\/\/www.europesays.com\/ee\/wp-content\/uploads\/2026\/07\/1783802707.jpg\" alt=\"Aleksandar Rogic 2019. aastal Eestis. Foto: Brit Maria Tael\"\/>&#13;\n<\/p>\n<p>Eelmise k\u00fcmnendi l\u00f5pus Tallinna FCI Levadia peatreenerina t\u00f6\u00f6tanud serblane Aleksandar Rogic liitus Saudi Araabia k\u00f5rgliigaklubi Al-Nassri treeneritetiimiga.<\/p>\n<p>Al-Nassr, kelle ridades m\u00e4ngib alates 2023. aastast Cristiano Ronaldo, krooniti eelmisel hooajal Jorge Jesusi juhendamisel Saudi Araabia meistriks. Kahe hooaja vahel on klubi treeneritetiimis toimunud suured muutused, kui Jesus siirdus Portugali koondise juhendajaks ja Al-Nassr palkas uueks peatreeneriks Ange Postecoglou, kelle abitreeneriks sai Eesti jalgpallis\u00f5pradele tuttav Rogic.&#13;\n<\/p>\n<p>Rogic juhendas 2017. aasta teises pooles Infonetti ja seej\u00e4rel kuni 2019. aasta septembrini Levadiat. Ta t\u00f6\u00f6tas p\u00e4rast Levadiast lahkumist peatreenerina Poola k\u00f5rgliigas ja Serbia noortekoondiste juures. Viimastel aastatel on Rogic olnud abitreener Poola, Araabia \u00dchendemiraatide, Venemaa ja Kreeka k\u00f5rgliigades. Mullu s\u00fcgisel alustas ta t\u00f6\u00f6d Serbia A-koondise abitreenerina.&#13;\n<\/p>\n<p>N\u00fc\u00fcd ootab 44-aastast serblast uus v\u00e4ljakutse Al-Nassris, kus ta saab teiste seas juhendada viiekordset Ballon d&#8217;Ori v\u00f5itjat Ronaldot. Tuntumatest m\u00e4ngijatest kuuluvad Al-Nassri ridadesse ka Sadio Mane, Joao Felix, Kingsley Coman ja Inigo Martinez. Uus peatreener Postecoglou on viimastel aastatel t\u00f6\u00f6tanud Inglismaa k\u00f5rgliigas, kus ta juhendas Tottenham Hotspuri ja Nottingam Forestit.<\/p>\n","protected":false},"excerpt":{"rendered":"&#13; Eelmise k\u00fcmnendi l\u00f5pus Tallinna FCI Levadia peatreenerina t\u00f6\u00f6tanud serblane Aleksandar Rogic liitus Saudi Araabia k\u00f5rgliigaklubi Al-Nassri treeneritetiimiga.&hellip;\n","protected":false},"author":2,"featured_media":225998,"comment_status":"","ping_status":"","sticky":false,"template":"","format":"standard","meta":{"footnotes":"","_share_on_mastodon":"0"},"categories":[18],"tags":[19153,32854,3887,37,33,35,34,36,32860,3888,1228,159,158],"class_list":["post-225997","post","type-post","status-publish","format-standard","has-post-thumbnail","category-sport","tag-al-nassr","tag-aleksandar-rogic","tag-cristiano-ronaldo","tag-ee","tag-eesti","tag-eesti-keel","tag-estonia","tag-estonian","tag-rogic","tag-ronaldo","tag-saudi-araabia","tag-sport","tag-sports"],"share_on_mastodon":{"url":"https:\/\/pubeurope.com\/@ee\/116903408506107378","error":""},"_links":{"self":[{"href":"https:\/\/www.europesays.com\/ee\/wp-json\/wp\/v2\/posts\/225997","targetHints":{"allow":["GET"]}}],"collection":[{"href":"https:\/\/www.europesays.com\/ee\/wp-json\/wp\/v2\/posts"}],"about":[{"href":"https:\/\/www.europesays.com\/ee\/wp-json\/wp\/v2\/types\/post"}],"author":[{"embeddable":true,"href":"https:\/\/www.europesays.com\/ee\/wp-json\/wp\/v2\/users\/2"}],"replies":[{"embeddable":true,"href":"https:\/\/www.europesays.com\/ee\/wp-json\/wp\/v2\/comments?post=225997"}],"version-history":[{"count":0,"href":"https:\/\/www.europesays.com\/ee\/wp-json\/wp\/v2\/posts\/225997\/revisions"}],"wp:featuredmedia":[{"embeddable":true,"href":"https:\/\/www.europesays.com\/ee\/wp-json\/wp\/v2\/media\/225998"}],"wp:attachment":[{"href":"https:\/\/www.europesays.com\/ee\/wp-json\/wp\/v2\/media?parent=225997"}],"wp:term":[{"taxonomy":"category","embeddable":true,"href":"https:\/\/www.europesays.com\/ee\/wp-json\/wp\/v2\/categories?post=225997"},{"taxonomy":"post_tag","embeddable":true,"href":"https:\/\/www.europesays.com\/ee\/wp-json\/wp\/v2\/tags?post=225997"}],"curies":[{"name":"wp","href":"https:\/\/api.w.org\/{rel}","templated":true}]}}