{"id":226138,"date":"2026-07-12T06:48:33","date_gmt":"2026-07-12T06:48:33","guid":{"rendered":"https:\/\/www.europesays.com\/ee\/226138\/"},"modified":"2026-07-12T06:48:33","modified_gmt":"2026-07-12T06:48:33","slug":"kolm-bfmi-luhimangufilmi-palvisid-esmakordselt-rahvusvahelise-ema-rohemargise-film","status":"publish","type":"post","link":"https:\/\/www.europesays.com\/ee\/226138\/","title":{"rendered":"Kolm BFMi l\u00fchim\u00e4ngufilmi p\u00e4lvisid esmakordselt rahvusvahelise EMA rohem\u00e4rgise | Film"},"content":{"rendered":"<p>BFM-i tudengite kolm l\u00fchim\u00e4ngufilmi p\u00e4lvisid Eestist esimestena Keskkonnameedia Assotsiatsiooni rahvusvahelise rohem\u00e4rgise &#8220;Green Seal for Students&#8221;, mis kinnitab, et filmide tootmisel j\u00e4rgiti keskkonnas\u00e4\u00e4stlikke p\u00f5him\u00f5tteid.<\/p>\n<p>EMA rohem\u00e4rgise p\u00e4lvinud BFMi l\u00fchim\u00e4ngufilmid, mis linastuvad septembris:<\/p>\n<ul>\n<li>&#8220;Katlaruum&#8221; \u2013 re\u017eiss\u00f6\u00f6r Romet P\u00f5hako, produtsent Mirt M\u00e4gi<\/li>\n<li>&#8220;K\u00f5rv&#8221; \u2013 re\u017eiss\u00f6\u00f6r Kreeta-Lisett Tooming, produtsent Erik Jakobson<\/li>\n<li>&#8220;Raudse rusikaga&#8221; \u2013 re\u017eiss\u00f6\u00f6r Steven-Kristjan T\u0161oba, produtsent Eliise-Marie Soll<\/li>\n<\/ul>\n<p>&#8220;Roheteadmised ei t\u00e4henda \u00fcksnes keskkonnam\u00f5ju v\u00e4hendamist. Need \u00f5petavad tudengeid planeerima, tegema teadlikke valikuid ja juhtima produktsiooni terviklikumalt,&#8221; \u00fctles BFMi filmiproduktsiooni dotsent Anneli Ahven. &#8220;EMA rohem\u00e4rgised kinnitavad, et meie tudengid suudavad t\u00f6\u00f6tada rahvusvaheliste standardite j\u00e4rgi juba \u00f5pingute ajal ning on valmis panustama j\u00e4tkusuutlikku filmit\u00f6\u00f6stusesse,&#8221; lisas Ahven.<\/p>\n<p><img decoding=\"async\" data-photo-id=\"3699463\" src=\"https:\/\/www.europesays.com\/ee\/wp-content\/uploads\/2026\/07\/3699463h4e4ft24.jpg\"\/>&#8220;K\u00f5rv&#8221; Autor\/allikas: Aleksei Urussov<\/p>\n<p>BFMi direktori kohuset\u00e4itja Riho V\u00e4striku s\u00f5nul on Ameerika \u00dchendriikide mittetulundus\u00fchingu EMA tunnustus oluline verstapost nii BFMile kui ka kogu Eesti filmivaldkonnale. &#8220;Teadaolevalt on see esimene kord Eestis, kui tudengifilmid on rahvusvahelise rohem\u00e4rgise saanud.&#8221;<\/p>\n<p>V\u00e4strik lisas, et rahvusvaheline tunnustus avardab \u00fcli\u00f5pilaste v\u00f5imalusi tegutseda tulevikus rohekoordinaatoritena nii Eesti kui ka rahvusvahelistes filmi- ja audiovisuaalprojektides.\u00a0&#8220;Rohem\u00e4rgis filmi l\u00f5putiitrites on tugev turundusargument, lisaks teadmisele, et filmi tekitatud jalaj\u00e4lg on m\u00f5istliku suurusega,&#8221; \u00fctles ta.<\/p>\n<p><img decoding=\"async\" data-photo-id=\"3699460\" src=\"https:\/\/www.europesays.com\/ee\/wp-content\/uploads\/2026\/07\/3699460h35a2t24.jpg\"\/>&#8220;Raudse rusikaga&#8221; Autor\/allikas: Maria Saar<\/p>\n<p>BFM kuulub ka Roheliste Filmikoolide Allianssi (Green Film School Alliance). Viimastel aastatel on instituut j\u00e4rjepidevalt l\u00f5iminud \u00f5ppet\u00f6\u00f6sse j\u00e4tkusuutliku filmitootmise p\u00f5him\u00f5tteid. N\u00e4iteks l\u00e4bisid filmikunsti \u00f5ppekava produktsioonitudengid\u00a0esmakordselt rohetootmise programmi, mis keskendus rohekoordineerimisele filmiproduktsioonis, \u00f6kokriitilisele m\u00f5tlemisele, suhtekorraldusele ning PEACHy (Production Environmental Actions Checklist for Young Filmmakers) juhiste\u00a0rakendamisele tudengifilmides.<\/p>\n","protected":false},"excerpt":{"rendered":"BFM-i tudengite kolm l\u00fchim\u00e4ngufilmi p\u00e4lvisid Eestist esimestena Keskkonnameedia Assotsiatsiooni rahvusvahelise rohem\u00e4rgise &#8220;Green Seal for Students&#8221;, mis kinnitab, et&hellip;\n","protected":false},"author":2,"featured_media":226139,"comment_status":"","ping_status":"","sticky":false,"template":"","format":"standard","meta":{"footnotes":"","_share_on_mastodon":"0"},"categories":[12],"tags":[91420,11673,26,27,37,33,35,91427,91428,34,36,31,32,21,91424,15906,91422,28,29,91421,19,25,91423,16548,91425,91426,23,24,22,20,30],"class_list":["post-226138","post","type-post","status-publish","format-standard","has-post-thumbnail","category-eesti","tag-anneli-ahven","tag-bfm","tag-breaking-news","tag-breakingnews","tag-ee","tag-eesti","tag-eesti-keel","tag-eliise-marie-soll","tag-erik-jakobson","tag-estonia","tag-estonian","tag-featured-news","tag-featurednews","tag-headlines","tag-katlaruum","tag-korv","tag-kreeta-lisett-tooming","tag-latest-news","tag-latestnews","tag-mirt-magi","tag-news","tag-populaarseimad-lood","tag-raudse-rusikaga","tag-riho-vastrik","tag-romet-pohako","tag-steven-kristjan-tsoba","tag-top-stories","tag-topstories","tag-uldised-uudised","tag-uudised","tag-viimased-uudised"],"share_on_mastodon":{"url":"https:\/\/pubeurope.com\/@ee\/116905673403256691","error":""},"_links":{"self":[{"href":"https:\/\/www.europesays.com\/ee\/wp-json\/wp\/v2\/posts\/226138","targetHints":{"allow":["GET"]}}],"collection":[{"href":"https:\/\/www.europesays.com\/ee\/wp-json\/wp\/v2\/posts"}],"about":[{"href":"https:\/\/www.europesays.com\/ee\/wp-json\/wp\/v2\/types\/post"}],"author":[{"embeddable":true,"href":"https:\/\/www.europesays.com\/ee\/wp-json\/wp\/v2\/users\/2"}],"replies":[{"embeddable":true,"href":"https:\/\/www.europesays.com\/ee\/wp-json\/wp\/v2\/comments?post=226138"}],"version-history":[{"count":0,"href":"https:\/\/www.europesays.com\/ee\/wp-json\/wp\/v2\/posts\/226138\/revisions"}],"wp:featuredmedia":[{"embeddable":true,"href":"https:\/\/www.europesays.com\/ee\/wp-json\/wp\/v2\/media\/226139"}],"wp:attachment":[{"href":"https:\/\/www.europesays.com\/ee\/wp-json\/wp\/v2\/media?parent=226138"}],"wp:term":[{"taxonomy":"category","embeddable":true,"href":"https:\/\/www.europesays.com\/ee\/wp-json\/wp\/v2\/categories?post=226138"},{"taxonomy":"post_tag","embeddable":true,"href":"https:\/\/www.europesays.com\/ee\/wp-json\/wp\/v2\/tags?post=226138"}],"curies":[{"name":"wp","href":"https:\/\/api.w.org\/{rel}","templated":true}]}}