{"id":226166,"date":"2026-07-12T07:29:11","date_gmt":"2026-07-12T07:29:11","guid":{"rendered":"https:\/\/www.europesays.com\/ee\/226166\/"},"modified":"2026-07-12T07:29:11","modified_gmt":"2026-07-12T07:29:11","slug":"marten-kuusk-loi-kaed-poola-esiliigaklubiga-jalgpall","status":"publish","type":"post","link":"https:\/\/www.europesays.com\/ee\/226166\/","title":{"rendered":"M\u00e4rten Kuusk l\u00f5i k\u00e4ed Poola esiliigaklubiga | Jalgpall"},"content":{"rendered":"<p>Eesti koondise keskkaitsja M\u00e4rten Kuusk vahetab Poolas klubi: eelmisel hooajal Katowicega Konverentsiliigasse kvalifitseerunud, kuid kevadest saati p\u00f5hikoosseisust v\u00e4lja j\u00e4\u00e4nud eestlane liitub Poola esiliigas palliva Varssavi Poloniaga.<\/p>\n<p>30-aastane Kuusk pikendas eelmisel aastal Katowicega lepingut algava hooaja l\u00f5puni, kuid talvel toodi meeskonda juurde keskkaitsja, kes Kuuse p\u00f5hirivistusest v\u00e4lja puksis. Viimase t\u00e4ism\u00e4ngu Katowice eest pidas Kuusk Ekstraklasas m\u00e4rtsis, p\u00e4rast seda sai ta p\u00f5llule vaid \u00fcheksainsaks minutiks, vahendab Soccernet.ee.<\/p>\n<p>Katowicega liitus Kuusk 2024. aasta jaanuaris ning aitas kohe klubil leida hea hoog, mille toel Poola k\u00f5rgliigasse t\u00f5usta. Hooajal 2024\/25 teenis Katowice Ekstraklasas 18 meeskonna konkurentsis kaheksas, t\u00e4navu koguni viies koht, millega kaasnes pilet Konverentsiliiga teise eelringi. Poola k\u00f5rgliigas j\u00e4i Kuuse arvele kahe hooajaga kokku 42 m\u00e4ngu ja \u00fcks v\u00e4rav.<\/p>\n<p>1946. ja 2000. aastal Poola meistriks kroonitud meeskond m\u00e4ngis viimati meistrisarjas 2013. aastal, kui v\u00f5lgade t\u00f5ttu nende k\u00f5rgliigalitsents t\u00fchistati.<\/p>\n<p>Loe edasi <a href=\"https:\/\/soccernet.ee\/artikkel\/eurosarja-asemel-esiliiga-marten-kuusk-vahetab-poolas-klubi\" target=\"_blank\" rel=\"noopener nofollow\">Soccernet.ee<\/a> portaalist.<\/p>\n","protected":false},"excerpt":{"rendered":"Eesti koondise keskkaitsja M\u00e4rten Kuusk vahetab Poolas klubi: eelmisel hooajal Katowicega Konverentsiliigasse kvalifitseerunud, kuid kevadest saati p\u00f5hikoosseisust v\u00e4lja&hellip;\n","protected":false},"author":2,"featured_media":226167,"comment_status":"","ping_status":"","sticky":false,"template":"","format":"standard","meta":{"footnotes":"","_share_on_mastodon":"0"},"categories":[18],"tags":[37,33,35,34,36,3092,3095,159,158,91434],"class_list":["post-226166","post","type-post","status-publish","format-standard","has-post-thumbnail","category-sport","tag-ee","tag-eesti","tag-eesti-keel","tag-estonia","tag-estonian","tag-katowice","tag-marten-kuusk","tag-sport","tag-sports","tag-varssavi-polonia"],"share_on_mastodon":{"url":"https:\/\/pubeurope.com\/@ee\/116905834246416413","error":""},"_links":{"self":[{"href":"https:\/\/www.europesays.com\/ee\/wp-json\/wp\/v2\/posts\/226166","targetHints":{"allow":["GET"]}}],"collection":[{"href":"https:\/\/www.europesays.com\/ee\/wp-json\/wp\/v2\/posts"}],"about":[{"href":"https:\/\/www.europesays.com\/ee\/wp-json\/wp\/v2\/types\/post"}],"author":[{"embeddable":true,"href":"https:\/\/www.europesays.com\/ee\/wp-json\/wp\/v2\/users\/2"}],"replies":[{"embeddable":true,"href":"https:\/\/www.europesays.com\/ee\/wp-json\/wp\/v2\/comments?post=226166"}],"version-history":[{"count":0,"href":"https:\/\/www.europesays.com\/ee\/wp-json\/wp\/v2\/posts\/226166\/revisions"}],"wp:featuredmedia":[{"embeddable":true,"href":"https:\/\/www.europesays.com\/ee\/wp-json\/wp\/v2\/media\/226167"}],"wp:attachment":[{"href":"https:\/\/www.europesays.com\/ee\/wp-json\/wp\/v2\/media?parent=226166"}],"wp:term":[{"taxonomy":"category","embeddable":true,"href":"https:\/\/www.europesays.com\/ee\/wp-json\/wp\/v2\/categories?post=226166"},{"taxonomy":"post_tag","embeddable":true,"href":"https:\/\/www.europesays.com\/ee\/wp-json\/wp\/v2\/tags?post=226166"}],"curies":[{"name":"wp","href":"https:\/\/api.w.org\/{rel}","templated":true}]}}