{"id":226176,"date":"2026-07-12T07:42:13","date_gmt":"2026-07-12T07:42:13","guid":{"rendered":"https:\/\/www.europesays.com\/ee\/226176\/"},"modified":"2026-07-12T07:42:13","modified_gmt":"2026-07-12T07:42:13","slug":"usa-firma-tahab-viia-kosmosesse-suured-peeglid-et-pimedas-maale-paikesevalgust-suunata","status":"publish","type":"post","link":"https:\/\/www.europesays.com\/ee\/226176\/","title":{"rendered":"USA firma tahab viia kosmosesse suured peeglid, et pimedas Maale p\u00e4ikesevalgust suunata"},"content":{"rendered":"<p>2025. aasta juulis esitas Reflect Orbital taotluse E\u00e4rendil-1 orbiidile saatmiseks \u2013 see on demonstratsioonisatelliit, mille eesm\u00e4rk on testida, kas p\u00e4ikesevalgust on v\u00f5imalik orbiidilt Maal asuvatele konkreetsetele kohtadele suunata. USA F\u00f6deraalne Sidekomisjon ehk FCC andis n\u00fc\u00fcd satelliidile loa oma raadiosidevarustuse kasutamiseks.<\/p>\n<p>Reguleeriv asutus l\u00fckkas \u00fchtlasi tagasi n\u00f5uded projekti blokeerimiseks selle tohutu peegeldava pinna t\u00f5ttu, v\u00e4ites, et peegel ise j\u00e4\u00e4b FCC p\u00e4devusest v\u00e4lja, kuna asutus reguleerib peamiselt sidespektrit.<\/p>\n<p>E\u00e4rendil-1 hakkab eeldatavasti t\u00f6\u00f6tama peaaegu polaarorbiidil umbes 625 kilomeetri k\u00f5rgusel Maa kohal. P\u00e4rast orbiidile viimist avab satelliit 18 x 18 meetri suuruse aluminiseeritud Mylar-peegli, mille pindala on 324 ruutmeetrit.<\/p>\n<p>Reflect Orbitali s\u00f5nul suunab satelliit liikuvat p\u00e4ikesekiirt ligikaudu viie kilomeetri laiustele aladele. Demonstratsiooni eesm\u00e4rk on testida ettev\u00f5tte v\u00f5imet peeglit orbiidilt paigaldada, juhtida ja t\u00e4pselt suunata.<\/p>\n<p>See idee ei ole mingi ulmeline plaan, mille eesm\u00e4rk on inimesi kogu aeg \u00e4rkvel hoida. Idufirma tahab l\u00f5ppkokkuv\u00f5ttes m\u00fc\u00fca p\u00e4ikeseenergia parkidele p\u00e4ikesevalgust tellimuse alusel, v\u00f5imaldades neil j\u00e4tkata elektri tootmist p\u00e4rast p\u00e4ikeseloojangut. Samas on ettev\u00f5te maininud lisaks m\u00f5ningaid ebatraditsioonilisemaid kasutusv\u00f5imalusi, sealhulgas h\u00e4daolukordadele reageerimine, ehitus, p\u00f5llumajandus, s\u00f5jalised operatsioonid ja suured v\u00e4li\u00fcritused.<\/p>\n<p>Lisaks protot\u00fc\u00fcbile E\u00e4rendil-1 on Reflect Orbital arutanud tuhandete peeglite paigaldamist k\u00e4esoleva k\u00fcmnendi l\u00f5puks ja koguni 50 000 peegli paigaldamist 2035. aastaks.<\/p>\n<p>Nagu v\u00f5ib arvata, ei ole astronoomid eriti vaimustunud v\u00e4ljavaatest, et \u00f6\u00f6taevas liiguvad k\u00fcmned tuhanded hiiglaslikud peegeldavad objektid. Euroopa L\u00f5unaobservatoorium hoiatas hiljuti, et Reflect Orbitali satelliidid v\u00f5ivad saada k\u00f5ige eredamateks kunstlikeks objektideks, mis kunagi orbiidile paigutatud on.<\/p>\n<p>Teadlaste s\u00f5nul v\u00f5ib satelliitide konstellatsioon t\u00f5siselt h\u00e4irida maapealsete teleskoopide t\u00f6\u00f6d, j\u00e4tta astronoomilistele piltidele heledaid j\u00e4lgi, suurendada taeva \u00fcldist heledust ning raskendada n\u00f5rkade taevakehade vaatlemist.<\/p>\n<p>Teised kriitikud on v\u00e4ljendanud muret m\u00f5ju p\u00e4rast loomadele, inimeste uneharjumustele, lennundusele ning asjaolu \u00fcle, et eraettev\u00f5te otsustab, kus ja millal planeedi teatud osi valgustada tuleks.<\/p>\n<p>Veel \u00fcks mure on seotud v\u00f5imalusega, et see v\u00f5ib s\u00fcvendada Maa \u00fcha suurenevat orbiidij\u00e4\u00e4tmete probleemi. Reflect Orbital peab j\u00e4rgima rangeid k\u00f5rvaldamisn\u00f5udeid, viies iga satelliidi orbiidilt maha hiljemalt 25 aasta jooksul p\u00e4rast selle missiooni l\u00f5ppu v\u00f5i varem.<\/p>\n<p>Ettev\u00f5te kinnitab, et kiired on rangelt kontrollitud ja suunatud ainult heakskiidetud asukohtadele. Samuti on ettev\u00f5te \u00f6elnud, et peegleid saab kasutamata ajal Maalt eemale suunata ning et ta kavatseb teha koost\u00f6\u00f6d astronoomidega, et piirata h\u00e4ireid.<\/p>\n<p>FCC heakskiit ei anna aga Reflect Orbitalile luba kogu kavandatud satelliidikogumi loomiseks ning ettev\u00f5te peab veel edukalt ehitama, orbiidile viima, kasutusele v\u00f5tma ja juhtima satelliiti E\u00e4rendil-1. Kahe esimese demonstratsioonisatelliidi kandjaks valiti SpaceX-i Falcon 9 raketid.<\/p>\n<p>Venemaa katsetas 1990. aastatel sarnast kontseptsiooni Znamya eksperimentidega. Esimene katse tekitas valguslaigu, mis liikus \u00fcle kogu Euroopa, samas kui teine missioon eba\u00f5nnestus, kuna peegel l\u00e4ks paigaldamise ajal katki. P\u00e4rast teist katset projekt h\u00fcljati.<\/p>\n<p>Kuidas see lugu Sind end tundma pani? Saada <a href=\"https:\/\/forte.delfi.ee\/artikkel\/120596597\/usa-firma-tahab-viia-kosmosesse-suured-peeglid-et-pimedas-maale-paikesevalgust-suunata\/kommentaarid\" class=\"article-body-bottom__comment article-body-bottom__comment--write button button--primary button--size-auto\" rel=\"nofollow noopener\" target=\"_blank\"> Kommenteeri <\/a><a href=\"https:\/\/forte.delfi.ee\/artikkel\/120596597\/usa-firma-tahab-viia-kosmosesse-suured-peeglid-et-pimedas-maale-paikesevalgust-suunata\/kommentaarid\" class=\"article-body-bottom__comment article-body-bottom__comment--read button button--size-auto\" rel=\"nofollow noopener\" target=\"_blank\"> Loe kommentaare (9)<\/a><\/p>\n","protected":false},"excerpt":{"rendered":"2025. aasta juulis esitas Reflect Orbital taotluse E\u00e4rendil-1 orbiidile saatmiseks \u2013 see on demonstratsioonisatelliit, mille eesm\u00e4rk on testida,&hellip;\n","protected":false},"author":2,"featured_media":226177,"comment_status":"","ping_status":"","sticky":false,"template":"","format":"standard","meta":{"footnotes":"","_share_on_mastodon":"0"},"categories":[80],"tags":[2016,26,27,12810,37,33,35,34,36,31,32,21,287,28,29,95,19,25,280,371,23,24,22,20,30,92,93,94],"class_list":["post-226176","post","type-post","status-publish","format-standard","has-post-thumbnail","category-maailm","tag-autod","tag-breaking-news","tag-breakingnews","tag-digiuudised","tag-ee","tag-eesti","tag-eesti-keel","tag-estonia","tag-estonian","tag-featured-news","tag-featurednews","tag-headlines","tag-kosmos","tag-latest-news","tag-latestnews","tag-maailm","tag-news","tag-populaarseimad-lood","tag-teadus","tag-tehnika","tag-top-stories","tag-topstories","tag-uldised-uudised","tag-uudised","tag-viimased-uudised","tag-world","tag-world-news","tag-worldnews"],"share_on_mastodon":{"url":"https:\/\/pubeurope.com\/@ee\/116905885514313051","error":""},"_links":{"self":[{"href":"https:\/\/www.europesays.com\/ee\/wp-json\/wp\/v2\/posts\/226176","targetHints":{"allow":["GET"]}}],"collection":[{"href":"https:\/\/www.europesays.com\/ee\/wp-json\/wp\/v2\/posts"}],"about":[{"href":"https:\/\/www.europesays.com\/ee\/wp-json\/wp\/v2\/types\/post"}],"author":[{"embeddable":true,"href":"https:\/\/www.europesays.com\/ee\/wp-json\/wp\/v2\/users\/2"}],"replies":[{"embeddable":true,"href":"https:\/\/www.europesays.com\/ee\/wp-json\/wp\/v2\/comments?post=226176"}],"version-history":[{"count":0,"href":"https:\/\/www.europesays.com\/ee\/wp-json\/wp\/v2\/posts\/226176\/revisions"}],"wp:featuredmedia":[{"embeddable":true,"href":"https:\/\/www.europesays.com\/ee\/wp-json\/wp\/v2\/media\/226177"}],"wp:attachment":[{"href":"https:\/\/www.europesays.com\/ee\/wp-json\/wp\/v2\/media?parent=226176"}],"wp:term":[{"taxonomy":"category","embeddable":true,"href":"https:\/\/www.europesays.com\/ee\/wp-json\/wp\/v2\/categories?post=226176"},{"taxonomy":"post_tag","embeddable":true,"href":"https:\/\/www.europesays.com\/ee\/wp-json\/wp\/v2\/tags?post=226176"}],"curies":[{"name":"wp","href":"https:\/\/api.w.org\/{rel}","templated":true}]}}