{"id":226187,"date":"2026-07-12T08:02:06","date_gmt":"2026-07-12T08:02:06","guid":{"rendered":"https:\/\/www.europesays.com\/ee\/226187\/"},"modified":"2026-07-12T08:02:06","modified_gmt":"2026-07-12T08:02:06","slug":"lepo-sumera-nimelise-heliloomingu-preemia-palvis-liisa-hirsch-muusika","status":"publish","type":"post","link":"https:\/\/www.europesays.com\/ee\/226187\/","title":{"rendered":"Lepo Sumera nimelise heliloomingu preemia p\u00e4lvis Liisa Hirsch | Muusika"},"content":{"rendered":"<p>11. juulil anti P\u00e4rnu muusikafestivalil Eesti Festivaliorkestri kontserdil helilooja Liisa Hirschile \u00fcle Eesti Autorite \u00dchingu ja Eesti Heliloojate Liidu algatatud Lepo Sumera nimeline heliloomingu preemia.<\/p>\n<p>&#8220;Liisa Hirsch on \u00fcks oman\u00e4olisema helikeele ja esteetikaga heliloojaid Eesti muusikamaastikul, kes loob imetlusv\u00e4\u00e4rse j\u00e4rjepidevusega pika vormikaarega ja h\u00e4sti j\u00e4lgitavaid teoseid, mis k\u00fctkestavad oma erilise helimaastiku ja kaasahaaravate k\u00f5laotsingutega,&#8221; kommenteeris Eesti Heliloojate Liidu esimees M\u00e4rt-Matis Lill \u017e\u00fcrii otsust.<\/p>\n<p>Liisa Hirsch on s\u00fcndinud Tallinnas, l\u00f5petanud kompositsiooni erialal Haagi Kuningliku Konservatooriumi ning Eesti Muusika- ja Teatriakadeemia. Tema loomingut iseloomustavad \u00f5rn ja abstraktne k\u00f5lamaailm, s\u00fc\u00fcvimine kontseptuaalsetesse kujunditesse ning huvi muusika piiride ja unikaalse tajukogemuse vastu. Tema teosed loovad avaraid, aeglaselt avanevaid k\u00f5laruume. Hirsch on kirjutanud muusikat ka l\u00fchifilmidele ning teatri- ja tantsulavastustele.\u00a0<\/p>\n<p>2016. aastal p\u00e4lvis ta LHV uue heliloomingu Au-tasu ning 2024. aastal LHV uue heliloomingu Au-tasu eritunnustuse. Tema orkestriteos &#8220;Lendamise mehhaanika&#8221; v\u00f5itis parima uudisteose preemia Euroopa helilooja auhindade jagamisel. 2017. aastal p\u00e4lvis Hirsch Heino Elleri preemia. Liisa Hirschi teos &#8220;Maa sooned&#8221; p\u00e4lvis tunnustuse ka Rahvusvahelisel Heliloojate Rostrumil aastal 2024.\u00a0<\/p>\n<p>Lepo Sumera nimelise heliloomingu preemia kandidaate esitasid \u017e\u00fcrii liikmed ning laureaat selgus \u017e\u00fcrii arutelus. \u017d\u00fcrii koosseisu kuulusid Eesti Heliloojate Liidu esimees M\u00e4rt-Matis Lill, muusikateadlane Kerri Kotta ning elektronmuusik ning helire\u017eiss\u00f6\u00f6r Tammo Sumera.\u00a0<\/p>\n<p>Preemia varasemad laureaadid on olnud T\u00f5nu K\u00f5rvits, Helena Tulve, Toivo Tulev, J\u00fcri Reinvere, Galina Grigorjeva, \u00dclo Krigul, Tatjana Kozlova-Johannes, Age Veeroos, Erkki-Sven T\u00fc\u00fcr, M\u00e4rt-Matis Lill. Preemiat antakse \u00fcle alates 2016. aastast.<\/p>\n<p>Lepo Sumera nimeline heliloomingu preemia v\u00e4\u00e4rtustab autoristiili selget arengukaart, muusikalise m\u00f5tlemise mastaapsust ja kunstilist s\u00fcgavust \u00fche helilooja loomingus.\u00a0\u00a0 Auhinnaga kaasneb rahaline preemia 5000 eurot.<\/p>\n","protected":false},"excerpt":{"rendered":"11. juulil anti P\u00e4rnu muusikafestivalil Eesti Festivaliorkestri kontserdil helilooja Liisa Hirschile \u00fcle Eesti Autorite \u00dchingu ja Eesti Heliloojate&hellip;\n","protected":false},"author":2,"featured_media":226188,"comment_status":"","ping_status":"","sticky":false,"template":"","format":"standard","meta":{"footnotes":"","_share_on_mastodon":"0"},"categories":[18],"tags":[37,33,35,34,36,11474,91435,58363,159,158],"class_list":["post-226187","post","type-post","status-publish","format-standard","has-post-thumbnail","category-sport","tag-ee","tag-eesti","tag-eesti-keel","tag-estonia","tag-estonian","tag-lepo-sumera","tag-lepo-sumera-nimelise-heliloomingu-preemia","tag-liisa-hirsch","tag-sport","tag-sports"],"share_on_mastodon":{"url":"https:\/\/pubeurope.com\/@ee\/116905964053347755","error":""},"_links":{"self":[{"href":"https:\/\/www.europesays.com\/ee\/wp-json\/wp\/v2\/posts\/226187","targetHints":{"allow":["GET"]}}],"collection":[{"href":"https:\/\/www.europesays.com\/ee\/wp-json\/wp\/v2\/posts"}],"about":[{"href":"https:\/\/www.europesays.com\/ee\/wp-json\/wp\/v2\/types\/post"}],"author":[{"embeddable":true,"href":"https:\/\/www.europesays.com\/ee\/wp-json\/wp\/v2\/users\/2"}],"replies":[{"embeddable":true,"href":"https:\/\/www.europesays.com\/ee\/wp-json\/wp\/v2\/comments?post=226187"}],"version-history":[{"count":0,"href":"https:\/\/www.europesays.com\/ee\/wp-json\/wp\/v2\/posts\/226187\/revisions"}],"wp:featuredmedia":[{"embeddable":true,"href":"https:\/\/www.europesays.com\/ee\/wp-json\/wp\/v2\/media\/226188"}],"wp:attachment":[{"href":"https:\/\/www.europesays.com\/ee\/wp-json\/wp\/v2\/media?parent=226187"}],"wp:term":[{"taxonomy":"category","embeddable":true,"href":"https:\/\/www.europesays.com\/ee\/wp-json\/wp\/v2\/categories?post=226187"},{"taxonomy":"post_tag","embeddable":true,"href":"https:\/\/www.europesays.com\/ee\/wp-json\/wp\/v2\/tags?post=226187"}],"curies":[{"name":"wp","href":"https:\/\/api.w.org\/{rel}","templated":true}]}}