{"id":226209,"date":"2026-07-12T08:38:15","date_gmt":"2026-07-12T08:38:15","guid":{"rendered":"https:\/\/www.europesays.com\/ee\/226209\/"},"modified":"2026-07-12T08:38:15","modified_gmt":"2026-07-12T08:38:15","slug":"ilmateade-tormise-ilma-oht-veel-pusib-uus-nadal-toob-aga-muutusi-maaleht","status":"publish","type":"post","link":"https:\/\/www.europesays.com\/ee\/226209\/","title":{"rendered":"ILMATEADE | Tormise ilma oht veel p\u00fcsib. Uus n\u00e4dal toob aga muutusi &#8211; Maaleht"},"content":{"rendered":"<ol>\n<li><a href=\"https:\/\/news.google.com\/rss\/articles\/CBMirAFBVV95cUxNNW5pZDVTVXNPTTg1Tk5oTXBxS09TcEhYV05MYU9uODdSd0VCN19pak9OMzR4Z0tPWTh0cUlkM3d5eW1zak5hMGtfTGNIYnEyOGtBY0FRcDRQNWI5N0MzQm93bW43cE1ScTlRZE1SU2w5Wk5nbjZQQzNQT2JCY0dTSElpSVNiTElIX0Zaa3FBdmtZRWotWkhCV3ZlamhjNloyUXloRk5SeWM5S25Q?oc=5\" target=\"_blank\" rel=\"nofollow noopener\">ILMATEADE | Tormise ilma oht veel p\u00fcsib. Uus n\u00e4dal toob aga muutusi<\/a>&nbsp;&nbsp;Maaleht<\/li>\n<li><a href=\"https:\/\/news.google.com\/rss\/articles\/CBMiP0FVX3lxTE9aaDVSb3V3eHhMczl5WUJYVkNaZVdkNzM5NTI0TkJaXzNLLXpueV9OQ0EtOXBjNUlPVUFiMFhMZw?oc=5\" target=\"_blank\" rel=\"nofollow noopener\">T\u00e4na, 12. juulil 2026 on Eestis v\u00e4hese ja vahelduva pilvisusega ilm, kohati hoovihma ja \u00e4ikest<\/a>&nbsp;&nbsp;Uudis.net<\/li>\n<li><a href=\"https:\/\/news.google.com\/rss\/articles\/CBMiP0FVX3lxTE54WDlUZkdtQkV0a1VETEN2U3FFSGZpLUp4WWkyV2JzUldMY1pVNWt5THc2M0dtMHBnVkhXVURHaw?oc=5\" target=\"_blank\" rel=\"nofollow noopener\">Neljap\u00e4ev tuleb vihmane ja \u00e4ikeseline<\/a>&nbsp;&nbsp;Uudis.net<\/li>\n<li><a href=\"https:\/\/news.google.com\/rss\/articles\/CBMiP0FVX3lxTE1adWZWZUZrTm5neGVZbW82YXpfeXRxNFkzdC03UnoxamdmTkVCVldJdDJXeHdOMVV6SzJMOXNBVQ?oc=5\" target=\"_blank\" rel=\"nofollow noopener\">T\u00e4na, 11. juulil 2026 Eestis muutliku pilvisusega, p\u00e4rastl\u00f5unal oodata \u00e4ikest ja tugevat sadu<\/a>&nbsp;&nbsp;Uudis.net<\/li>\n<li><a href=\"https:\/\/news.google.com\/rss\/articles\/CBMiP0FVX3lxTE1hVkVUb0RlNWZzVEVYM0Z1SU9zRDVzZ3U4MGdILWRmeHFwSzBwVVJITUswS0xabnMyUkxkNzBmUQ?oc=5\" target=\"_blank\" rel=\"nofollow noopener\">T\u00e4na, 8. juulil 2026 Eestis pilves, \u00fcksikute selgimistega ilm, sajab vihma ja on \u00e4ikest<\/a>&nbsp;&nbsp;Uudis.net<\/li>\n<\/ol>\n","protected":false},"excerpt":{"rendered":"ILMATEADE | Tormise ilma oht veel p\u00fcsib. Uus n\u00e4dal toob aga muutusi&nbsp;&nbsp;Maaleht T\u00e4na, 12. juulil 2026 on Eestis&hellip;\n","protected":false},"author":2,"featured_media":226210,"comment_status":"","ping_status":"","sticky":false,"template":"","format":"standard","meta":{"footnotes":"","_share_on_mastodon":"0"},"categories":[12],"tags":[26,27,37,33,35,34,36,31,32,21,668,3963,28,29,19,25,23,24,22,20,30],"class_list":["post-226209","post","type-post","status-publish","format-standard","has-post-thumbnail","category-eesti","tag-breaking-news","tag-breakingnews","tag-ee","tag-eesti","tag-eesti-keel","tag-estonia","tag-estonian","tag-featured-news","tag-featurednews","tag-headlines","tag-ilm","tag-ilmateade","tag-latest-news","tag-latestnews","tag-news","tag-populaarseimad-lood","tag-top-stories","tag-topstories","tag-uldised-uudised","tag-uudised","tag-viimased-uudised"],"share_on_mastodon":{"url":"https:\/\/pubeurope.com\/@ee\/116906105606188490","error":""},"_links":{"self":[{"href":"https:\/\/www.europesays.com\/ee\/wp-json\/wp\/v2\/posts\/226209","targetHints":{"allow":["GET"]}}],"collection":[{"href":"https:\/\/www.europesays.com\/ee\/wp-json\/wp\/v2\/posts"}],"about":[{"href":"https:\/\/www.europesays.com\/ee\/wp-json\/wp\/v2\/types\/post"}],"author":[{"embeddable":true,"href":"https:\/\/www.europesays.com\/ee\/wp-json\/wp\/v2\/users\/2"}],"replies":[{"embeddable":true,"href":"https:\/\/www.europesays.com\/ee\/wp-json\/wp\/v2\/comments?post=226209"}],"version-history":[{"count":0,"href":"https:\/\/www.europesays.com\/ee\/wp-json\/wp\/v2\/posts\/226209\/revisions"}],"wp:featuredmedia":[{"embeddable":true,"href":"https:\/\/www.europesays.com\/ee\/wp-json\/wp\/v2\/media\/226210"}],"wp:attachment":[{"href":"https:\/\/www.europesays.com\/ee\/wp-json\/wp\/v2\/media?parent=226209"}],"wp:term":[{"taxonomy":"category","embeddable":true,"href":"https:\/\/www.europesays.com\/ee\/wp-json\/wp\/v2\/categories?post=226209"},{"taxonomy":"post_tag","embeddable":true,"href":"https:\/\/www.europesays.com\/ee\/wp-json\/wp\/v2\/tags?post=226209"}],"curies":[{"name":"wp","href":"https:\/\/api.w.org\/{rel}","templated":true}]}}