{"id":226305,"date":"2026-07-12T11:23:09","date_gmt":"2026-07-12T11:23:09","guid":{"rendered":"https:\/\/www.europesays.com\/ee\/226305\/"},"modified":"2026-07-12T11:23:09","modified_gmt":"2026-07-12T11:23:09","slug":"euroopa-komisjon-tuhistas-veneetsia-biennaali-toetuse-venemaa-tottu","status":"publish","type":"post","link":"https:\/\/www.europesays.com\/ee\/226305\/","title":{"rendered":"Euroopa Komisjon t\u00fchistas Veneetsia biennaali toetuse Venemaa t\u00f5ttu"},"content":{"rendered":"<p>Euroopa Komisjon kinnitas ametlikult otsuse v\u00f5tta tagasi Veneetsia biennaalile aastateks 2025\u20132028 m\u00e4\u00e4ratud kahe miljoni euro suurune toetus p\u00e4rast Venemaa paviljoni naasmist t\u00e4navusele kunstin\u00e4itusele.<\/p>\n<p>Otsusest teatas Euroopa Komisjoni asepresident Henna Virkkunen sotsiaalmeedias, vahendas v\u00e4ljaanne European Pravda. Komisjoni hinnangul ei vasta Venemaa osalemine biennaalil Euroopa Liidu v\u00e4\u00e4rtustele.<\/p>\n","protected":false},"excerpt":{"rendered":"Euroopa Komisjon kinnitas ametlikult otsuse v\u00f5tta tagasi Veneetsia biennaalile aastateks 2025\u20132028 m\u00e4\u00e4ratud kahe miljoni euro suurune toetus p\u00e4rast&hellip;\n","protected":false},"author":2,"featured_media":226306,"comment_status":"","ping_status":"","sticky":false,"template":"","format":"standard","meta":{"footnotes":"","_share_on_mastodon":"0"},"categories":[80],"tags":[26,27,37,33,35,34,36,31,32,21,109,28,29,95,19,25,23,24,262,22,20,2740,56464,56460,96,30,92,93,94],"class_list":["post-226305","post","type-post","status-publish","format-standard","has-post-thumbnail","category-maailm","tag-breaking-news","tag-breakingnews","tag-ee","tag-eesti","tag-eesti-keel","tag-estonia","tag-estonian","tag-featured-news","tag-featurednews","tag-headlines","tag-itaalia","tag-latest-news","tag-latestnews","tag-maailm","tag-news","tag-populaarseimad-lood","tag-top-stories","tag-topstories","tag-ukraina","tag-uldised-uudised","tag-uudised","tag-veneetsia","tag-veneetsia-biennaal","tag-veneetsia-kunstibiennaal","tag-venemaa","tag-viimased-uudised","tag-world","tag-world-news","tag-worldnews"],"share_on_mastodon":{"url":"https:\/\/pubeurope.com\/@ee\/116906754201774656","error":""},"_links":{"self":[{"href":"https:\/\/www.europesays.com\/ee\/wp-json\/wp\/v2\/posts\/226305","targetHints":{"allow":["GET"]}}],"collection":[{"href":"https:\/\/www.europesays.com\/ee\/wp-json\/wp\/v2\/posts"}],"about":[{"href":"https:\/\/www.europesays.com\/ee\/wp-json\/wp\/v2\/types\/post"}],"author":[{"embeddable":true,"href":"https:\/\/www.europesays.com\/ee\/wp-json\/wp\/v2\/users\/2"}],"replies":[{"embeddable":true,"href":"https:\/\/www.europesays.com\/ee\/wp-json\/wp\/v2\/comments?post=226305"}],"version-history":[{"count":0,"href":"https:\/\/www.europesays.com\/ee\/wp-json\/wp\/v2\/posts\/226305\/revisions"}],"wp:featuredmedia":[{"embeddable":true,"href":"https:\/\/www.europesays.com\/ee\/wp-json\/wp\/v2\/media\/226306"}],"wp:attachment":[{"href":"https:\/\/www.europesays.com\/ee\/wp-json\/wp\/v2\/media?parent=226305"}],"wp:term":[{"taxonomy":"category","embeddable":true,"href":"https:\/\/www.europesays.com\/ee\/wp-json\/wp\/v2\/categories?post=226305"},{"taxonomy":"post_tag","embeddable":true,"href":"https:\/\/www.europesays.com\/ee\/wp-json\/wp\/v2\/tags?post=226305"}],"curies":[{"name":"wp","href":"https:\/\/api.w.org\/{rel}","templated":true}]}}