{"id":226313,"date":"2026-07-12T11:42:10","date_gmt":"2026-07-12T11:42:10","guid":{"rendered":"https:\/\/www.europesays.com\/ee\/226313\/"},"modified":"2026-07-12T11:42:10","modified_gmt":"2026-07-12T11:42:10","slug":"ma-pole-kunagi-politsei-peale-nii-vihaseks-saanud-beebilousta-ukse-taha-ilmusid-korrakaitsjad","status":"publish","type":"post","link":"https:\/\/www.europesays.com\/ee\/226313\/","title":{"rendered":"\u201eMa pole kunagi politsei peale nii vihaseks saanud!\u201c Beebil\u00f5usta ukse taha ilmusid korrakaitsjad"},"content":{"rendered":"<p>R\u00e4ppar Beebil\u00f5ust kirjutas \u00fchismeedias, kuidas ta k\u00e4is kaaslannaga, keda nimetab diivaks, restoranis s\u00f6\u00f6mas ja \u0161ampust joomas. \u201eMa pole kunagi politsei peale nii vihaseks saanud,\u201c nentis ta muuhulgas oma jutu algul.<\/p>\n<p>Beebil\u00f5ust kirjeldas, kuidas t\u00f5i restorani kaasa oma \u0161ampuse, sest kaaslasel oli just soov seda juua ning antud \u0161ampust men\u00fc\u00fcs ei olnud. \u201eDiiva teatas, et tal pole probleemi seda ka pudelist laua alt juua,\u201c vahendas ta asjade k\u00e4iku.<\/p>\n<p>Sellega r\u00e4ppar aga n\u00f5us ei olnud. \u201eN\u00f5udsin juhatajat ja ei salga, et see toimus minule omasel viisil,\u201c s\u00f5nas ta. L\u00f5puks j\u00f5udsid pokaalid siiski lauda.<\/p>\n<p>\u201eTajusin, et pilgud k\u00f5rvalt laudadelt ronisid m\u00f6\u00f6da mind kui kuklased,\u201c meenutas Beebil\u00f5ust, et nad p\u00e4lvisid teiste restoranik\u00fclastajate t\u00e4helepanu. R\u00e4ppar lisas, et p\u00e4rast einestamist tellis tema kaaslanna Woldiga lauda ka Hesburgerit.<\/p>\n<p>Hiljem kulmineerus \u00f5htu sellega, et politsei ilmus tema ja kaaslanna hotelliukse taha. Beebil\u00f5usta s\u00f5nul oli ta politseile esmalt ust avades paljas. Seej\u00e4rel t\u00f5mbas ta selga vihmamantli. \u201e\u017dongleerisin m\u00f6tetega, et kas inspektorid v\u00f6isid ehmatuda ebanormaalse suuruse \u00fcle,\u201c r\u00e4\u00e4kis r\u00e4ppar enda meheaust.<\/p>\n<p>Selgus, et politsei oli tulnud kohale, kuna arvati, et naisterahvas, kes Beebil\u00f5ustaga koos viibis, vajab abi. \u201eKorrakaitsjad teatasid, et neile on tehtud v\u00e4ljakutse sisuga, et siin toas olevat mingi naisterahvas h\u00e4das ja vajab abi. Selgitasin kohe s\u00fcndmuse tagamaid ja ohvitserid ei suutnud uskuda, et proua ei kurda,\u201c \u00fctles ta. \u201eP\u00e4rast neid s\u00fcndmusi olen ma v\u00e4ga konfliktialdis. T\u00e4naval soovitan mitte mind teretada. L\u00f6\u00f6n kohe \u00e4ra,\u201c lisas Beebil\u00f5ust.<\/p>\n<p>R\u00e4ppar Beebil\u00f5ust (44) on t\u00e4navu veetnud palju aega koos temast 20 aastat noorema t\u00f5sielustaari ja naisr\u00e4ppari Liska ehk Liisi Tammojaga. Nad on postitanud sotsiaalmeediasse ka mitmeid \u00fchiseid humoorikaid videod. Beebil\u00f5ust ega Tammoja oma l\u00e4bisaamise kohta kommentaare jaganud ei ole.<\/p>\n<p>Kuidas see lugu Sind end tundma pani? Saada <a href=\"https:\/\/kroonika.delfi.ee\/artikkel\/120596651\/ma-pole-kunagi-politsei-peale-nii-vihaseks-saanud-beebilousta-ukse-taha-ilmusid-korrakaitsjad\/kommentaarid\" class=\"article-body-bottom__comment article-body-bottom__comment--write button button--primary button--size-auto\" rel=\"nofollow noopener\" target=\"_blank\"> Kommenteeri <\/a><a href=\"https:\/\/kroonika.delfi.ee\/artikkel\/120596651\/ma-pole-kunagi-politsei-peale-nii-vihaseks-saanud-beebilousta-ukse-taha-ilmusid-korrakaitsjad\/kommentaarid\" class=\"article-body-bottom__comment article-body-bottom__comment--read button button--size-auto\" rel=\"nofollow noopener\" target=\"_blank\"> Loe kommentaare (9)<\/a><\/p>\n","protected":false},"excerpt":{"rendered":"R\u00e4ppar Beebil\u00f5ust kirjutas \u00fchismeedias, kuidas ta k\u00e4is kaaslannaga, keda nimetab diivaks, restoranis s\u00f6\u00f6mas ja \u0161ampust joomas. \u201eMa pole&hellip;\n","protected":false},"author":2,"featured_media":226314,"comment_status":"","ping_status":"","sticky":false,"template":"","format":"standard","meta":{"footnotes":"","_share_on_mastodon":"0"},"categories":[16],"tags":[4593,773,37,33,35,173,34,36,140],"class_list":["post-226313","post","type-post","status-publish","format-standard","has-post-thumbnail","category-meelelahutus","tag-andrus-elbing","tag-beebiloust","tag-ee","tag-eesti","tag-eesti-keel","tag-entertainment","tag-estonia","tag-estonian","tag-meelelahutus"],"share_on_mastodon":{"url":"https:\/\/pubeurope.com\/@ee\/116906829503756229","error":""},"_links":{"self":[{"href":"https:\/\/www.europesays.com\/ee\/wp-json\/wp\/v2\/posts\/226313","targetHints":{"allow":["GET"]}}],"collection":[{"href":"https:\/\/www.europesays.com\/ee\/wp-json\/wp\/v2\/posts"}],"about":[{"href":"https:\/\/www.europesays.com\/ee\/wp-json\/wp\/v2\/types\/post"}],"author":[{"embeddable":true,"href":"https:\/\/www.europesays.com\/ee\/wp-json\/wp\/v2\/users\/2"}],"replies":[{"embeddable":true,"href":"https:\/\/www.europesays.com\/ee\/wp-json\/wp\/v2\/comments?post=226313"}],"version-history":[{"count":0,"href":"https:\/\/www.europesays.com\/ee\/wp-json\/wp\/v2\/posts\/226313\/revisions"}],"wp:featuredmedia":[{"embeddable":true,"href":"https:\/\/www.europesays.com\/ee\/wp-json\/wp\/v2\/media\/226314"}],"wp:attachment":[{"href":"https:\/\/www.europesays.com\/ee\/wp-json\/wp\/v2\/media?parent=226313"}],"wp:term":[{"taxonomy":"category","embeddable":true,"href":"https:\/\/www.europesays.com\/ee\/wp-json\/wp\/v2\/categories?post=226313"},{"taxonomy":"post_tag","embeddable":true,"href":"https:\/\/www.europesays.com\/ee\/wp-json\/wp\/v2\/tags?post=226313"}],"curies":[{"name":"wp","href":"https:\/\/api.w.org\/{rel}","templated":true}]}}