{"id":226333,"date":"2026-07-12T12:16:07","date_gmt":"2026-07-12T12:16:07","guid":{"rendered":"https:\/\/www.europesays.com\/ee\/226333\/"},"modified":"2026-07-12T12:16:07","modified_gmt":"2026-07-12T12:16:07","slug":"inglismaa-peatreener-kritiseeris-hoolealuseid-bellingham-nahvas-vastu","status":"publish","type":"post","link":"https:\/\/www.europesays.com\/ee\/226333\/","title":{"rendered":"Inglismaa peatreener kritiseeris hoolealuseid, Bellingham n\u00e4hvas vastu"},"content":{"rendered":"<p>Inglismaa jalgpallikoondis murdis end MMil nelja parema sekka, kuid v\u00f5it veerandfinaalis Norra \u00fcle ei rahuldanud peatreener Thomas Tuchelit.<\/p>\n<p>Inglismaa alistas Miamis peetud veerandfinaalis Norra lisaaja j\u00e4rel 2:1. Kohtumise kangelaseks t\u00f5usis Jude Bellingham, kes l\u00f5i m\u00f5lemad inglaste v\u00e4ravad \u2013 esmalt 47. minutil ja seej\u00e4rel lisaaja kolmandal minutil.<\/p>\n","protected":false},"excerpt":{"rendered":"Inglismaa jalgpallikoondis murdis end MMil nelja parema sekka, kuid v\u00f5it veerandfinaalis Norra \u00fcle ei rahuldanud peatreener Thomas Tuchelit.&hellip;\n","protected":false},"author":2,"featured_media":226334,"comment_status":"","ping_status":"","sticky":false,"template":"","format":"standard","meta":{"footnotes":"","_share_on_mastodon":"0"},"categories":[18],"tags":[49585,20622,21917,15558,37,33,35,1888,34,36,530,7517,41766,14973,91526,11148,9156,10349,15686,31688,159,158,10086,31687,86789],"class_list":["post-226333","post","type-post","status-publish","format-standard","has-post-thumbnail","category-sport","tag-alan-shearer","tag-alexander-sorloth","tag-antonio-nusa","tag-argentina-jalgpallikoondis","tag-ee","tag-eesti","tag-eesti-keel","tag-erling-haaland","tag-estonia","tag-estonian","tag-harry-kane","tag-inglismaa-jalgpallikoondis","tag-jalgpalli-maailmameistrivoistlused","tag-jude-bellingham","tag-mangu-mentaliteet","tag-martin-odegaard","tag-miami","tag-mm-2026","tag-norra-jalgpallikoondis","tag-poolfinaal","tag-sport","tag-sports","tag-thomas-tuchel","tag-veerandfinaal","tag-wayne-rooney"],"share_on_mastodon":{"url":"https:\/\/pubeurope.com\/@ee\/116906962801812230","error":""},"_links":{"self":[{"href":"https:\/\/www.europesays.com\/ee\/wp-json\/wp\/v2\/posts\/226333","targetHints":{"allow":["GET"]}}],"collection":[{"href":"https:\/\/www.europesays.com\/ee\/wp-json\/wp\/v2\/posts"}],"about":[{"href":"https:\/\/www.europesays.com\/ee\/wp-json\/wp\/v2\/types\/post"}],"author":[{"embeddable":true,"href":"https:\/\/www.europesays.com\/ee\/wp-json\/wp\/v2\/users\/2"}],"replies":[{"embeddable":true,"href":"https:\/\/www.europesays.com\/ee\/wp-json\/wp\/v2\/comments?post=226333"}],"version-history":[{"count":0,"href":"https:\/\/www.europesays.com\/ee\/wp-json\/wp\/v2\/posts\/226333\/revisions"}],"wp:featuredmedia":[{"embeddable":true,"href":"https:\/\/www.europesays.com\/ee\/wp-json\/wp\/v2\/media\/226334"}],"wp:attachment":[{"href":"https:\/\/www.europesays.com\/ee\/wp-json\/wp\/v2\/media?parent=226333"}],"wp:term":[{"taxonomy":"category","embeddable":true,"href":"https:\/\/www.europesays.com\/ee\/wp-json\/wp\/v2\/categories?post=226333"},{"taxonomy":"post_tag","embeddable":true,"href":"https:\/\/www.europesays.com\/ee\/wp-json\/wp\/v2\/tags?post=226333"}],"curies":[{"name":"wp","href":"https:\/\/api.w.org\/{rel}","templated":true}]}}