{"id":226413,"date":"2026-07-12T14:29:09","date_gmt":"2026-07-12T14:29:09","guid":{"rendered":"https:\/\/www.europesays.com\/ee\/226413\/"},"modified":"2026-07-12T14:29:09","modified_gmt":"2026-07-12T14:29:09","slug":"instagram-ja-facebook-voivad-suurelt-muutuda-el-nouab-metalt-soltuvust-tekitavate-funktsioonide-eemaldamist","status":"publish","type":"post","link":"https:\/\/www.europesays.com\/ee\/226413\/","title":{"rendered":"Instagram ja Facebook v\u00f5ivad suurelt muutuda. EL n\u00f5uab Metalt s\u00f5ltuvust tekitavate funktsioonide eemaldamist"},"content":{"rendered":"<p><a rel=\"noopener follow nofollow\" target=\"_blank\" href=\"https:\/\/ec.europa.eu\/commission\/presscorner\/detail\/en\/ip_26_1579\" data-rel-date-range=\"[]\">Neljap\u00e4eval teatas<\/a> Euroopa Komisjon, et uurimise tulemused n\u00e4itavad, et Meta ei hinnanud piisavalt oma s\u00f5ltuvust tekitava disaini riske kasutajate, sealhulgas alaealiste ja haavatavate t\u00e4iskasvanute f\u00fc\u00fcsilisele ja vaimsele heaolule.<\/p>\n<p>\u201eNeed funktsioonid \u00f5hutavad kasutaja soovi j\u00e4tkata kerimist ja l\u00fclitavad aju \u201eautopiloodi re\u017eiimile\u201c, soodustades ebatervislikke harjumusi ja sunduslikku kasutamist,\u201c m\u00e4rkis komisjon.<\/p>\n<p>J\u00e4rgmise paari kuu jooksul on Metal v\u00f5imalus v\u00e4idetele vastu vaielda ning ettev\u00f5te on juba asunud kaitsvale positsioonile. Meta pressiesindaja Ben Walters <a rel=\"noopener follow nofollow\" target=\"_blank\" href=\"https:\/\/www.reuters.com\/world\/eu-tells-instagram-facebook-change-addictive-features-or-risk-fines-2026-07-10\/\" data-rel-date-range=\"[]\">\u00fctles Reutersile<\/a>, et Meta ei n\u00f5ustu komisjoni esialgsete j\u00e4reldustega, mis ei v\u00f5ta v\u00e4idetavalt arvesse m\u00e4rkimisv\u00e4\u00e4rseid samme, mida nad teismeliste kaitsmiseks astunud on.<\/p>\n<p>\u201eAlates uurimise algusest oleme kasutusele v\u00f5tnud teismeliste kontod, mis kaitsevad teismelisi automaatselt ja annavad kontrolli vanematele \u2013 v\u00f5imaldades neil \u00f6\u00f6sel Instagrami juurdep\u00e4\u00e4su blokeerida ja igap\u00e4evast ekraaniaega vaid 15 minutini piirata,\u201c \u00fctles Walters.<\/p>\n<p>Siiski r\u00f5hutas Euroopa Komisjon, et Meta praegused riskide leevendamise meetmed, sealhulgas teismeliste jaoks vaikimisi aktiveeritud ajahaldust\u00f6\u00f6riistad, ei suutnud t\u00f5husalt v\u00e4hendada selle s\u00f5ltuvust tekitava disaini p\u00f5hjustatud riske. Lisaks peeti vanemlikku kontrolli t\u00f5husaks vaid juhul, kui vanematel ja eestkostjatel on piisavad tehnilised teadmised.<\/p>\n<p>\u201eSee kahjustab selliste meetmete t\u00f5husust Instagrami ja Facebooki s\u00f5ltuvust tekitava disaini olemusest tulenevate riskide v\u00e4hendamisel,\u201c m\u00e4rkis Euroopa Komisjon, eriti alaealiste puhul.<\/p>\n<p>Praeguses etapis soovitas Euroopa Komisjon Metale kaaluda s\u00f5ltuvust tekitavate p\u00f5hifunktsioonide, nagu automaatne taasesitus ja l\u00f5putu kerimine (v\u00f5i skrollimine), vaikimisi keelamist, t\u00f5husate ekraaniaja pauside rakendamist ning soovituss\u00fcsteemi kohandamist, et muuta see v\u00e4hem kasutajatele suunatuks.<\/p>\n<p>Kui Meta ei tee muudatusi, et t\u00e4ita ELi digiteenuste m\u00e4\u00e4ruse n\u00f5udeid, riskib ettev\u00f5te trahvidega kuni kuus protsenti oma \u00fclemaailmsest aastak\u00e4ibest, kui Euroopa Komisjon l\u00e4hikuudel oma l\u00f5pliku otsuse teeb. Pressiteates lisati, et ELi prioriteet on eurooplaste f\u00fc\u00fcsilise ja vaimse tervise kaitsmine.<\/p>\n<p> ELi tehnoloogiajuht Henna Virkkunen \u00fctles Reutersile, et EL ei kavatse v\u00f5itlusest taganeda, kui l\u00f5plik otsus esialgseid j\u00e4reldusi kinnitab.<\/p>\n<p>Nii EL kui ka Ameerika \u00dchendriigid on uurimas, kas Meta platvormid tekitavad s\u00f5ltuvust, ning paljud valitsused on juba vastu v\u00f5tnud v\u00f5i t\u00f6\u00f6tavad selle nimel, et kehtestada alaealistele sotsiaalmeedia keeld. Esmasp\u00e4eval saab Euroopa Komisjon ekspertidelt j\u00e4reldused, mis v\u00f5iksid aidata sillutada teed \u00fcleeuroopalisele sotsiaalmeedia keelule teismelistele, mis \u00e4hvardab Meta \u00e4ra l\u00f5igata tohutust kasutajabaasist.<\/p>\n<p><a href=\"http:\/\/forte.delfi.ee\/artikkel\/120594893\/arutlemisel-on-sotsiaalmeedia-keeld-noortele-kogu-euroopas#dalrel-in-article\" class=\"content-embedded-articles-single__embedded-article\" data-v-469265ed=\"\" rel=\"nofollow noopener\" target=\"_blank\"><\/p>\n<p> 04.07.2026 <\/p>\n<p> Arutlemisel on sotsiaalmeedia keeld noortele kogu Euroopas  (65) <\/p>\n<p><\/a><\/p>\n<p>Lisaks ELis \u00e4hvardavatele trahvidele riskib Meta suurte trahvisummadega, kui ta kaotab oma suurima kohtuvaidluse Ameerika \u00dchendriikides. Meta ei suutnud hiljuti tagasi l\u00fckata 29 osariigi esitatud hagi, milles v\u00e4idetakse, et tema platvormid tekitavad lastes s\u00f5ltuvust. See kohtuprotsess algab augustis ning osariigid v\u00f5ivad n\u00f5uda kuni 1,4 triljoni dollari suuruseid trahve, kui Meta s\u00fc\u00fcdi tunnistatakse, <a rel=\"noopener follow nofollow\" target=\"_blank\" href=\"https:\/\/www.reuters.com\/business\/meta-says-us-states-are-seeking-14-trillion-penalties-august-youth-safety-trial-2026-07-07\/\" data-rel-date-range=\"[]\">teatas Reuters sel n\u00e4dalal<\/a>.<\/p>\n<p>Kuidas see lugu Sind end tundma pani? Saada <a href=\"https:\/\/forte.delfi.ee\/artikkel\/120596600\/instagram-ja-facebook-voivad-suurelt-muutuda-el-nouab-metalt-soltuvust-tekitavate-funktsioonide-eemaldamist\/kommentaarid\" class=\"article-body-bottom__comment article-body-bottom__comment--write button button--primary button--size-auto\" rel=\"nofollow noopener\" target=\"_blank\"> Kommenteeri <\/a><a href=\"https:\/\/forte.delfi.ee\/artikkel\/120596600\/instagram-ja-facebook-voivad-suurelt-muutuda-el-nouab-metalt-soltuvust-tekitavate-funktsioonide-eemaldamist\/kommentaarid\" class=\"article-body-bottom__comment article-body-bottom__comment--read button button--size-auto\" rel=\"nofollow noopener\" target=\"_blank\"> Loe kommentaare <\/a><\/p>\n","protected":false},"excerpt":{"rendered":"Neljap\u00e4eval teatas Euroopa Komisjon, et uurimise tulemused n\u00e4itavad, et Meta ei hinnanud piisavalt oma s\u00f5ltuvust tekitava disaini riske&hellip;\n","protected":false},"author":2,"featured_media":226414,"comment_status":"","ping_status":"","sticky":false,"template":"","format":"standard","meta":{"footnotes":"","_share_on_mastodon":"0"},"categories":[14],"tags":[131,130,37,33,35,34,36,8175,5922],"class_list":["post-226413","post","type-post","status-publish","format-standard","has-post-thumbnail","category-ari","tag-ari","tag-business","tag-ee","tag-eesti","tag-eesti-keel","tag-estonia","tag-estonian","tag-facebook","tag-instagram"],"share_on_mastodon":{"url":"https:\/\/pubeurope.com\/@ee\/116907485762053934","error":""},"_links":{"self":[{"href":"https:\/\/www.europesays.com\/ee\/wp-json\/wp\/v2\/posts\/226413","targetHints":{"allow":["GET"]}}],"collection":[{"href":"https:\/\/www.europesays.com\/ee\/wp-json\/wp\/v2\/posts"}],"about":[{"href":"https:\/\/www.europesays.com\/ee\/wp-json\/wp\/v2\/types\/post"}],"author":[{"embeddable":true,"href":"https:\/\/www.europesays.com\/ee\/wp-json\/wp\/v2\/users\/2"}],"replies":[{"embeddable":true,"href":"https:\/\/www.europesays.com\/ee\/wp-json\/wp\/v2\/comments?post=226413"}],"version-history":[{"count":0,"href":"https:\/\/www.europesays.com\/ee\/wp-json\/wp\/v2\/posts\/226413\/revisions"}],"wp:featuredmedia":[{"embeddable":true,"href":"https:\/\/www.europesays.com\/ee\/wp-json\/wp\/v2\/media\/226414"}],"wp:attachment":[{"href":"https:\/\/www.europesays.com\/ee\/wp-json\/wp\/v2\/media?parent=226413"}],"wp:term":[{"taxonomy":"category","embeddable":true,"href":"https:\/\/www.europesays.com\/ee\/wp-json\/wp\/v2\/categories?post=226413"},{"taxonomy":"post_tag","embeddable":true,"href":"https:\/\/www.europesays.com\/ee\/wp-json\/wp\/v2\/tags?post=226413"}],"curies":[{"name":"wp","href":"https:\/\/api.w.org\/{rel}","templated":true}]}}