{"id":226444,"date":"2026-07-12T15:38:17","date_gmt":"2026-07-12T15:38:17","guid":{"rendered":"https:\/\/www.europesays.com\/ee\/226444\/"},"modified":"2026-07-12T15:38:17","modified_gmt":"2026-07-12T15:38:17","slug":"tallinna-borsi-turundusjuht-ametist-lahkudes-eesti-turul-omab-iga-finfluenceri-valjautlemine-kaalu","status":"publish","type":"post","link":"https:\/\/www.europesays.com\/ee\/226444\/","title":{"rendered":"Tallinna b\u00f6rsi turundusjuht ametist lahkudes: Eesti turul omab iga finfluencer\u2019i v\u00e4lja\u00fctlemine kaalu"},"content":{"rendered":"<p>Raidla on mees, keda v\u00f5ib liialdamata nimetada Eesti investorikultuuri \u00fcheks peamiseks eestk\u00f5nelejaks. P\u00e4rast pikki aastaid Nasdaqi turundus- ja kommunikatsioonijuhina on ta otsustanud palgat\u00f6\u00f6 seljataha j\u00e4tta, et proovida k\u00e4tt ettev\u00f5tjana, aidates edendada sedasama investorikultuuri, mille keskel ta on \u00fcles kasvanud.<\/p>\n<p class=\"ng-star-inserted\">Tema teekond b\u00f6rsil algas ootamatult, kui ta oli 26-aastane ja \u00e4sja Taanist, magistrikraad taskus, naasnud. Tee Nasdaqisse leidis ta kunagise investeerimismessi Rahakompassi kaudu. \u201eMina h\u00fcppasingi paati siis, kui selle \u00fche messi korraldus oli poole peal,\u201c meenutab ta. <\/p>\n<p>Oled juba tellija?Logi sisse<\/p>\n<p><a href=\"https:\/\/arileht.delfi.ee\/a\/120596168\/tallinna-borsi-turundusjuht-ametist-lahkudes-eesti-turul-omab-iga-finfluencer-i-valjautlemine-kaalu\/kommentaarid\" class=\"article-body-bottom__comment article-body-bottom__comment--write button button--primary button--size-auto\" rel=\"nofollow noopener\" target=\"_blank\"> Kommenteeri <\/a><a href=\"https:\/\/arileht.delfi.ee\/a\/120596168\/tallinna-borsi-turundusjuht-ametist-lahkudes-eesti-turul-omab-iga-finfluencer-i-valjautlemine-kaalu\/kommentaarid\" class=\"article-body-bottom__comment article-body-bottom__comment--read button button--size-auto\" rel=\"nofollow noopener\" target=\"_blank\"> Loe kommentaare (3)<\/a><\/p>\n","protected":false},"excerpt":{"rendered":"Raidla on mees, keda v\u00f5ib liialdamata nimetada Eesti investorikultuuri \u00fcheks peamiseks eestk\u00f5nelejaks. P\u00e4rast pikki aastaid Nasdaqi turundus- ja&hellip;\n","protected":false},"author":2,"featured_media":226445,"comment_status":"","ping_status":"","sticky":false,"template":"","format":"standard","meta":{"footnotes":"","_share_on_mastodon":"0"},"categories":[12],"tags":[26,27,37,33,35,3665,34,36,31,32,91557,21,40881,28,29,3032,19,27507,25,7519,23,24,22,20,30],"class_list":["post-226444","post","type-post","status-publish","format-standard","has-post-thumbnail","category-eesti","tag-breaking-news","tag-breakingnews","tag-ee","tag-eesti","tag-eesti-keel","tag-enefit-green","tag-estonia","tag-estonian","tag-featured-news","tag-featurednews","tag-finfluencerid","tag-headlines","tag-kaarel-ots","tag-latest-news","tag-latestnews","tag-nasdaq","tag-news","tag-ott-raidla","tag-populaarseimad-lood","tag-tallinna-bors","tag-top-stories","tag-topstories","tag-uldised-uudised","tag-uudised","tag-viimased-uudised"],"share_on_mastodon":{"url":"https:\/\/pubeurope.com\/@ee\/116907757142984938","error":""},"_links":{"self":[{"href":"https:\/\/www.europesays.com\/ee\/wp-json\/wp\/v2\/posts\/226444","targetHints":{"allow":["GET"]}}],"collection":[{"href":"https:\/\/www.europesays.com\/ee\/wp-json\/wp\/v2\/posts"}],"about":[{"href":"https:\/\/www.europesays.com\/ee\/wp-json\/wp\/v2\/types\/post"}],"author":[{"embeddable":true,"href":"https:\/\/www.europesays.com\/ee\/wp-json\/wp\/v2\/users\/2"}],"replies":[{"embeddable":true,"href":"https:\/\/www.europesays.com\/ee\/wp-json\/wp\/v2\/comments?post=226444"}],"version-history":[{"count":0,"href":"https:\/\/www.europesays.com\/ee\/wp-json\/wp\/v2\/posts\/226444\/revisions"}],"wp:featuredmedia":[{"embeddable":true,"href":"https:\/\/www.europesays.com\/ee\/wp-json\/wp\/v2\/media\/226445"}],"wp:attachment":[{"href":"https:\/\/www.europesays.com\/ee\/wp-json\/wp\/v2\/media?parent=226444"}],"wp:term":[{"taxonomy":"category","embeddable":true,"href":"https:\/\/www.europesays.com\/ee\/wp-json\/wp\/v2\/categories?post=226444"},{"taxonomy":"post_tag","embeddable":true,"href":"https:\/\/www.europesays.com\/ee\/wp-json\/wp\/v2\/tags?post=226444"}],"curies":[{"name":"wp","href":"https:\/\/api.w.org\/{rel}","templated":true}]}}