{"id":226498,"date":"2026-07-12T17:17:10","date_gmt":"2026-07-12T17:17:10","guid":{"rendered":"https:\/\/www.europesays.com\/ee\/226498\/"},"modified":"2026-07-12T17:17:10","modified_gmt":"2026-07-12T17:17:10","slug":"ullatus-ohus-zverev-voitis-wimbedoni-finaalis-sinneri-vastu-avaseti","status":"publish","type":"post","link":"https:\/\/www.europesays.com\/ee\/226498\/","title":{"rendered":"\u00dcllatus \u00f5hus? Zverev v\u00f5itis Wimbedoni finaalis Sinneri vastu avaseti"},"content":{"rendered":"<p>M\u00e4ngu avasetis kumbki m\u00e4ngija oma pallingut ei loovutanud. Parim v\u00f5imalus vastase palling murda avanes kaheksandas geimis Sinneril, kuid itaallane j\u00e4ttis oma seti ainsa murdepalli kasutamata. <\/p>\n<p>Seti v\u00f5itja otsustanud kiires l\u00f5ppm\u00e4ngus sai otsustavaks \u00fcks minimurre, mille Zverev tegi 8:7 eduseisus. Ka Sinneril oli kiires l\u00f5ppm\u00e4ngus kasutada \u00fcks settpall (seisul 7:6), kuid Zverev t\u00f5rjus selle \u00e4ssaga.<\/p>\n<p>Uudist t\u00e4iendatakse jooksvalt.<\/p>\n<p>Kuidas see lugu Sind end tundma pani? Saada <a href=\"https:\/\/sport.delfi.ee\/artikkel\/120596691\/ullatus-ohus-zverev-voitis-wimbedoni-finaalis-sinneri-vastu-avaseti\/kommentaarid\" class=\"article-body-bottom__comment article-body-bottom__comment--write button button--primary button--size-auto\" rel=\"nofollow noopener\" target=\"_blank\"> Kommenteeri <\/a><a href=\"https:\/\/sport.delfi.ee\/artikkel\/120596691\/ullatus-ohus-zverev-voitis-wimbedoni-finaalis-sinneri-vastu-avaseti\/kommentaarid\" class=\"article-body-bottom__comment article-body-bottom__comment--read button button--size-auto\" rel=\"nofollow noopener\" target=\"_blank\"> Loe kommentaare (1)<\/a><\/p>\n","protected":false},"excerpt":{"rendered":"M\u00e4ngu avasetis kumbki m\u00e4ngija oma pallingut ei loovutanud. Parim v\u00f5imalus vastase palling murda avanes kaheksandas geimis Sinneril, kuid&hellip;\n","protected":false},"author":2,"featured_media":226499,"comment_status":"","ping_status":"","sticky":false,"template":"","format":"standard","meta":{"footnotes":"","_share_on_mastodon":"0"},"categories":[80],"tags":[11199,26,27,37,33,35,34,36,31,32,1517,21,6291,28,29,95,19,25,2827,23,24,22,20,30,6777,92,93,94],"class_list":["post-226498","post","type-post","status-publish","format-standard","has-post-thumbnail","category-maailm","tag-alexander-zverev","tag-breaking-news","tag-breakingnews","tag-ee","tag-eesti","tag-eesti-keel","tag-estonia","tag-estonian","tag-featured-news","tag-featurednews","tag-finaal","tag-headlines","tag-jannik-sinner","tag-latest-news","tag-latestnews","tag-maailm","tag-news","tag-populaarseimad-lood","tag-tennis","tag-top-stories","tag-topstories","tag-uldised-uudised","tag-uudised","tag-viimased-uudised","tag-wimbledon","tag-world","tag-world-news","tag-worldnews"],"share_on_mastodon":{"url":"https:\/\/pubeurope.com\/@ee\/116908146494335768","error":""},"_links":{"self":[{"href":"https:\/\/www.europesays.com\/ee\/wp-json\/wp\/v2\/posts\/226498","targetHints":{"allow":["GET"]}}],"collection":[{"href":"https:\/\/www.europesays.com\/ee\/wp-json\/wp\/v2\/posts"}],"about":[{"href":"https:\/\/www.europesays.com\/ee\/wp-json\/wp\/v2\/types\/post"}],"author":[{"embeddable":true,"href":"https:\/\/www.europesays.com\/ee\/wp-json\/wp\/v2\/users\/2"}],"replies":[{"embeddable":true,"href":"https:\/\/www.europesays.com\/ee\/wp-json\/wp\/v2\/comments?post=226498"}],"version-history":[{"count":0,"href":"https:\/\/www.europesays.com\/ee\/wp-json\/wp\/v2\/posts\/226498\/revisions"}],"wp:featuredmedia":[{"embeddable":true,"href":"https:\/\/www.europesays.com\/ee\/wp-json\/wp\/v2\/media\/226499"}],"wp:attachment":[{"href":"https:\/\/www.europesays.com\/ee\/wp-json\/wp\/v2\/media?parent=226498"}],"wp:term":[{"taxonomy":"category","embeddable":true,"href":"https:\/\/www.europesays.com\/ee\/wp-json\/wp\/v2\/categories?post=226498"},{"taxonomy":"post_tag","embeddable":true,"href":"https:\/\/www.europesays.com\/ee\/wp-json\/wp\/v2\/tags?post=226498"}],"curies":[{"name":"wp","href":"https:\/\/api.w.org\/{rel}","templated":true}]}}