{"id":226524,"date":"2026-07-12T18:02:07","date_gmt":"2026-07-12T18:02:07","guid":{"rendered":"https:\/\/www.europesays.com\/ee\/226524\/"},"modified":"2026-07-12T18:02:07","modified_gmt":"2026-07-12T18:02:07","slug":"klops-%e2%9f%a9-hullunud-fann-kukkus-lavaauku-nii-et-jalad-jaid-sealt-pusti-naha-strippar-marco-esinemine-parnus-vottis-ootamatu-poorde","status":"publish","type":"post","link":"https:\/\/www.europesays.com\/ee\/226524\/","title":{"rendered":"KL\u00d5PS \u27e9 \u00abHullunud f\u00e4nn kukkus lavaauku nii, et jalad j\u00e4id sealt p\u00fcsti n\u00e4ha!\u00bb Strippar Marco esinemine P\u00e4rnus v\u00f5ttis ootamatu p\u00f6\u00f6rde"},"content":{"rendered":"<p>Reedel peeti P\u00e4rnus asuvas Trahter Postipoisis legendaarse Hillar Kohvi 60. s\u00fcnnip\u00e4eva. Avalikult t\u00e4hts\u00fcndmusel esinesid juubilari head s\u00f5brad Arnold Oksmaa, strippar Marco ja DJ Heiki. Pidustused v\u00f5tsid Marco Tasase esinemise ajal aga ootamatu p\u00f6\u00f6rde, kui lavale h\u00fcppas hullunud f\u00e4nn, kelle tantsukatsetused laval l\u00f5ppesid kiirabiauto s\u00f5iduga EMO-sse.<\/p>\n","protected":false},"excerpt":{"rendered":"Reedel peeti P\u00e4rnus asuvas Trahter Postipoisis legendaarse Hillar Kohvi 60. s\u00fcnnip\u00e4eva. Avalikult t\u00e4hts\u00fcndmusel esinesid juubilari head s\u00f5brad Arnold&hellip;\n","protected":false},"author":2,"featured_media":226525,"comment_status":"","ping_status":"","sticky":false,"template":"","format":"standard","meta":{"footnotes":"","_share_on_mastodon":"0"},"categories":[12],"tags":[13887,91590,16517,26,27,91591,91592,37,33,35,34,36,31,32,21,3950,91589,28,29,32297,140,19,91588,1421,25,17945,23,24,60782,22,20,91593,30],"class_list":["post-226524","post","type-post","status-publish","format-standard","has-post-thumbnail","category-eesti","tag-anne-veski","tag-arnold-oksmaa","tag-beach-grind","tag-breaking-news","tag-breakingnews","tag-dj-heiki","tag-dj-kaval-rebane","tag-ee","tag-eesti","tag-eesti-keel","tag-estonia","tag-estonian","tag-featured-news","tag-featurednews","tag-headlines","tag-helsingi","tag-hillar-kohv","tag-latest-news","tag-latestnews","tag-marco-tasane","tag-meelelahutus","tag-news","tag-omg-ooklubi","tag-parnu","tag-populaarseimad-lood","tag-sunnipaevapidu","tag-top-stories","tag-topstories","tag-trahter-postipoiss","tag-uldised-uudised","tag-uudised","tag-vange-pidu","tag-viimased-uudised"],"share_on_mastodon":{"url":"","error":"Validation failed: Text character limit of 500 exceeded"},"_links":{"self":[{"href":"https:\/\/www.europesays.com\/ee\/wp-json\/wp\/v2\/posts\/226524","targetHints":{"allow":["GET"]}}],"collection":[{"href":"https:\/\/www.europesays.com\/ee\/wp-json\/wp\/v2\/posts"}],"about":[{"href":"https:\/\/www.europesays.com\/ee\/wp-json\/wp\/v2\/types\/post"}],"author":[{"embeddable":true,"href":"https:\/\/www.europesays.com\/ee\/wp-json\/wp\/v2\/users\/2"}],"replies":[{"embeddable":true,"href":"https:\/\/www.europesays.com\/ee\/wp-json\/wp\/v2\/comments?post=226524"}],"version-history":[{"count":0,"href":"https:\/\/www.europesays.com\/ee\/wp-json\/wp\/v2\/posts\/226524\/revisions"}],"wp:featuredmedia":[{"embeddable":true,"href":"https:\/\/www.europesays.com\/ee\/wp-json\/wp\/v2\/media\/226525"}],"wp:attachment":[{"href":"https:\/\/www.europesays.com\/ee\/wp-json\/wp\/v2\/media?parent=226524"}],"wp:term":[{"taxonomy":"category","embeddable":true,"href":"https:\/\/www.europesays.com\/ee\/wp-json\/wp\/v2\/categories?post=226524"},{"taxonomy":"post_tag","embeddable":true,"href":"https:\/\/www.europesays.com\/ee\/wp-json\/wp\/v2\/tags?post=226524"}],"curies":[{"name":"wp","href":"https:\/\/api.w.org\/{rel}","templated":true}]}}