{"id":226540,"date":"2026-07-12T18:32:10","date_gmt":"2026-07-12T18:32:10","guid":{"rendered":"https:\/\/www.europesays.com\/ee\/226540\/"},"modified":"2026-07-12T18:32:10","modified_gmt":"2026-07-12T18:32:10","slug":"eesti-motospordinoored-kindlustasid-parnus-paasu-em-finaali-motosport","status":"publish","type":"post","link":"https:\/\/www.europesays.com\/ee\/226540\/","title":{"rendered":"Eesti motospordinoored kindlustasid P\u00e4rnus p\u00e4\u00e4su EM-finaali | Motosport"},"content":{"rendered":"<p>Uuenduskuuri l\u00e4binud P\u00e4rnu lennuv\u00e4lja krossirajal peeti EMX85 ja EMX65 klasside poolfinaaletapp, kus jagati v\u00e4lja pileteid T\u0161ehhis Loketis toimuvaks EM-finaaliks.<\/p>\n<p>85cc klassis oli P\u00e4rnusse kohale tulnud 47 v\u00f5istlejat, kellest 12 olid eestlased. Avas\u00f5idus oli parimaks eestlaseks kolmanda koha saanud Gregor Lootus, esik\u00fcmnesse mahtus veel kaheksandana l\u00f5petanud Theo Kolts. Teises s\u00f5idus pidasid Lootus ja Robin-Robert Mooses p\u00f5neva duelli, kuid Mooses m\u00f6\u00f6dus kolm ringi enne l\u00f5ppu m\u00f6\u00f6dus fini\u0161ih\u00fcppel Lootusest ja saavutas neljanda koha, Lootus l\u00f5petas viiendana. Kolts sai teist s\u00f5itu j\u00e4rjest kaheksanda koha.<\/p>\n<p>Kahe s\u00f5idu kokkuv\u00f5ttes teenis 85cc klassis esikoha l\u00e4tlane Martins Cirulis, vend Patriks sai teise koha ning Harry Dale kolmanda koha. Mooses oli neljas, Lootus viies ja Kolts kaheksas ning nad kindlustasid \u00fchtlasi ka edasip\u00e4\u00e4su 26. juulil toimuvasse EM-finaali.<\/p>\n<p>Kristofer Valk sai 26., Johann Hansman 27., Kevin-Markus Kruusandi 28., Robin Arukase 32. ja Laur Kallikorm 33. koha.<\/p>\n<p>65cc klassis oli P\u00e4rnusse kohale tulnud 50 poissi ning esimeses s\u00f5idus oli parim eestlane kaheksanda koha saavutanud Martin-Markus Ansi. Teises s\u00f5idus sai ta 15. koha, aga kahe s\u00f5idu kokkuv\u00f5ttes sai eestlane 12. koha ja kindlustas samuti edasip\u00e4\u00e4su EM-finaali. Sama tegi Jaan Aron Vahter, kes sai esimeses s\u00f5idus 16. ja teises 19. koha, teenides kokkuv\u00f5ttes 19. koha.<\/p>\n<p>Martha Koort l\u00f5petas m\u00f5lemad naiste s\u00f5idud \u00fcheksanda kohaga ning saavutas sama koha ka \u00fcldarvestuses, 125cc klassis oli ta kokkuv\u00f5ttes neljas. Sthella Toomela sai avas\u00f5idus 11. ja teises 12. koha ning saavutas \u00fcldarvestuses 12. koha. \u00dcldv\u00f5idu teenis juba Euroopa meistritiitli kindlustanud Danee Gelissen, kes v\u00f5itis m\u00f5lemad s\u00f5idud.<\/p>\n<p>EMX85 ja EMX65 klasside finaal s\u00f5idetakse 25-26. juulil T\u0161ehhis Loketi krossirajal.<\/p>\n","protected":false},"excerpt":{"rendered":"Uuenduskuuri l\u00e4binud P\u00e4rnu lennuv\u00e4lja krossirajal peeti EMX85 ja EMX65 klasside poolfinaaletapp, kus jagati v\u00e4lja pileteid T\u0161ehhis Loketis toimuvaks&hellip;\n","protected":false},"author":2,"featured_media":226541,"comment_status":"","ping_status":"","sticky":false,"template":"","format":"standard","meta":{"footnotes":"","_share_on_mastodon":"0"},"categories":[18],"tags":[37,33,35,34,36,70149,87243,91595,84179,159,158,91594],"class_list":["post-226540","post","type-post","status-publish","format-standard","has-post-thumbnail","category-sport","tag-ee","tag-eesti","tag-eesti-keel","tag-estonia","tag-estonian","tag-gregor-lootus","tag-jaan-aron-vahter","tag-martin-markus-ansi","tag-robin-robert-mooses","tag-sport","tag-sports","tag-teho-kolts"],"share_on_mastodon":{"url":"https:\/\/pubeurope.com\/@ee\/116908441342830041","error":""},"_links":{"self":[{"href":"https:\/\/www.europesays.com\/ee\/wp-json\/wp\/v2\/posts\/226540","targetHints":{"allow":["GET"]}}],"collection":[{"href":"https:\/\/www.europesays.com\/ee\/wp-json\/wp\/v2\/posts"}],"about":[{"href":"https:\/\/www.europesays.com\/ee\/wp-json\/wp\/v2\/types\/post"}],"author":[{"embeddable":true,"href":"https:\/\/www.europesays.com\/ee\/wp-json\/wp\/v2\/users\/2"}],"replies":[{"embeddable":true,"href":"https:\/\/www.europesays.com\/ee\/wp-json\/wp\/v2\/comments?post=226540"}],"version-history":[{"count":0,"href":"https:\/\/www.europesays.com\/ee\/wp-json\/wp\/v2\/posts\/226540\/revisions"}],"wp:featuredmedia":[{"embeddable":true,"href":"https:\/\/www.europesays.com\/ee\/wp-json\/wp\/v2\/media\/226541"}],"wp:attachment":[{"href":"https:\/\/www.europesays.com\/ee\/wp-json\/wp\/v2\/media?parent=226540"}],"wp:term":[{"taxonomy":"category","embeddable":true,"href":"https:\/\/www.europesays.com\/ee\/wp-json\/wp\/v2\/categories?post=226540"},{"taxonomy":"post_tag","embeddable":true,"href":"https:\/\/www.europesays.com\/ee\/wp-json\/wp\/v2\/tags?post=226540"}],"curies":[{"name":"wp","href":"https:\/\/api.w.org\/{rel}","templated":true}]}}