{"id":226747,"date":"2026-07-13T06:09:26","date_gmt":"2026-07-13T06:09:26","guid":{"rendered":"https:\/\/www.europesays.com\/ee\/226747\/"},"modified":"2026-07-13T06:09:26","modified_gmt":"2026-07-13T06:09:26","slug":"valk-tabas-emajoe-festivalilt-kodusadamasse-naasvat-paati-tartu-postimees","status":"publish","type":"post","link":"https:\/\/www.europesays.com\/ee\/226747\/","title":{"rendered":"V\u00e4lk tabas Emaj\u00f5e festivalilt kodusadamasse naasvat paati &#8211; Tartu Postimees"},"content":{"rendered":"<ol>\n<li><a href=\"https:\/\/news.google.com\/rss\/articles\/CBMilwFBVV95cUxNNmo1akVYc1RDTmNXTWFGYklXVXhDWHVsQWc5N2dEWTltVHowSmd3MUpiX0pmWFRyRGJodEdaeUZ3eTNhUm0yR1Z0dFBESFNTaERtMzhVcjhJME1TZkt1WU14RExTSEhQeGVBZUNvTkVIdk4xMFQ0N3dGS25ubkMxN1ZJWThKZXdYNWY1aFZuN0FsV2ROaC1n?oc=5\" target=\"_blank\" rel=\"nofollow noopener\">V\u00e4lk tabas Emaj\u00f5e festivalilt kodusadamasse naasvat paati<\/a>&nbsp;&nbsp;Tartu Postimees<\/li>\n<li><a href=\"https:\/\/news.google.com\/rss\/articles\/CBMinwFBVV95cUxNNVhWVFBDakpGRllfQXNiUzhmZktESFE0aWs5ZExqdHJRcjBTYU9tbzFpVFJxeW5KTWstY2RhT204TkNNR1NRcm0ycUctUGs0UGZOdTZhNnFGdV92b2treXpId3NkelBHQm9hQ1AtWWsxYUZ0SXU3TlotV2s5ajRDRU5wOGNsUy1GTWQxR0FRSHVfOTZ1ZGVINFJTY0d2OEk?oc=5\" target=\"_blank\" rel=\"nofollow noopener\">VIDEO \u27e9 V\u00e4lk tabas Emaj\u00f5e festivalilt kodusadamasse naasvat paati<\/a>&nbsp;&nbsp;Tartu Postimees<\/li>\n<li><a href=\"https:\/\/news.google.com\/rss\/articles\/CBMioAFBVV95cUxPa3Z2YTZBVmRtM1NoSnhncFFUM1REdGtGQXdhUzd2czYtd3lrNGdzandyR19HSkxjTm5RZU5Jd1pGeVdqRVN3dUZHQ2p6MndONUEyZVRySW9iRmFUdFJnTDhmc2VyVlVnYWRSbTN6NEp1T0pSSjhRNHVGSzhTTUhJdmJISzNlT0t2b29wWGhjS2ZIS1RwbU5qTm4xZ1hJU3dY?oc=5\" target=\"_blank\" rel=\"nofollow noopener\">Emaj\u00f5e festivalilt naasnud paati tabas v\u00e4lk<\/a>&nbsp;&nbsp;Inbox.eu<\/li>\n<li><a href=\"https:\/\/news.google.com\/rss\/articles\/CBMivAFBVV95cUxQUHZad0ttZXJkV0Q3ZnFsVS1PQW9hTUliQk1UM2dPSmQtOVk1UE5ra1VRVExDZGYtT082dWtiMkF2REhPRGNBMV9BOFhSZ3hTa3oydkFkRjFvLVpiUGtZQ3dMeS05dTV3RG00S3VmcWM1TlkxVlNhNXlwUGc2cldlOEVlc3plZW9uODMyS29UenV5N0daWDF5bnhubDBUV0tNNWFTbElxZ0ZrQXJraEJpZ0VzSE9DandBdU5qQw?oc=5\" target=\"_blank\" rel=\"nofollow noopener\">VIDEO \u27e9 Emaj\u00f5e festivalilt naasnud paati tabas v\u00e4lk: kahe inimese keha l\u00e4bis elektrivool<\/a>&nbsp;&nbsp;Elu24<\/li>\n<li><a href=\"https:\/\/news.google.com\/rss\/articles\/CBMiiwFBVV95cUxNWTNWdGc1dzd2ZUVSUmdTdmd5al94ZjhhS1p4T0p3TVI4ekdqaXhmWS1nZjlfcGtpUEVlcTRpdGtGcThGX0YzdHhTNDQtVVJJcFlhZWZoSmtWbjQzQkdBUnFOcDZQeFRpZXRXZVRFYUZSaXE5V09jTnUyZm5Lc2VvOE5WS2pMS0ZMaDFF?oc=5\" target=\"_blank\" rel=\"nofollow noopener\">VIDEO | SUUR EHMATUS! Emaj\u00f5el s\u00f5itnud paati tabas v\u00e4lk<\/a>&nbsp;&nbsp;\u00d5htuleht<\/li>\n<\/ol>\n","protected":false},"excerpt":{"rendered":"V\u00e4lk tabas Emaj\u00f5e festivalilt kodusadamasse naasvat paati&nbsp;&nbsp;Tartu Postimees VIDEO \u27e9 V\u00e4lk tabas Emaj\u00f5e festivalilt kodusadamasse naasvat paati&nbsp;&nbsp;Tartu Postimees&hellip;\n","protected":false},"author":2,"featured_media":226491,"comment_status":"","ping_status":"","sticky":false,"template":"","format":"standard","meta":{"footnotes":"","_share_on_mastodon":"0"},"categories":[5],"tags":[28099,26,27,37,33,35,91574,591,565,34,36,31,32,21,28140,28,29,19,32687,25,20316,88078,1438,3827,23,24,22,20,52491,14672,3242,30],"class_list":["post-226747","post","type-post","status-publish","format-standard","has-post-thumbnail","category-uldised-uudised","tag-aike","tag-breaking-news","tag-breakingnews","tag-ee","tag-eesti","tag-eesti-keel","tag-emajoe-festival","tag-emajogi","tag-emo","tag-estonia","tag-estonian","tag-featured-news","tag-featurednews","tag-headlines","tag-ilmastik","tag-latest-news","tag-latestnews","tag-news","tag-paasteoperatsioon","tag-populaarseimad-lood","tag-sunoptik","tag-sunoptik-kairo-kiitsak","tag-tartu-linn","tag-tartu-ulikooli-kliinikum","tag-top-stories","tag-topstories","tag-uldised-uudised","tag-uudised","tag-valk","tag-veekogu","tag-vigastus","tag-viimased-uudised"],"share_on_mastodon":{"url":"https:\/\/pubeurope.com\/@ee\/116911182029339721","error":""},"_links":{"self":[{"href":"https:\/\/www.europesays.com\/ee\/wp-json\/wp\/v2\/posts\/226747","targetHints":{"allow":["GET"]}}],"collection":[{"href":"https:\/\/www.europesays.com\/ee\/wp-json\/wp\/v2\/posts"}],"about":[{"href":"https:\/\/www.europesays.com\/ee\/wp-json\/wp\/v2\/types\/post"}],"author":[{"embeddable":true,"href":"https:\/\/www.europesays.com\/ee\/wp-json\/wp\/v2\/users\/2"}],"replies":[{"embeddable":true,"href":"https:\/\/www.europesays.com\/ee\/wp-json\/wp\/v2\/comments?post=226747"}],"version-history":[{"count":0,"href":"https:\/\/www.europesays.com\/ee\/wp-json\/wp\/v2\/posts\/226747\/revisions"}],"wp:featuredmedia":[{"embeddable":true,"href":"https:\/\/www.europesays.com\/ee\/wp-json\/wp\/v2\/media\/226491"}],"wp:attachment":[{"href":"https:\/\/www.europesays.com\/ee\/wp-json\/wp\/v2\/media?parent=226747"}],"wp:term":[{"taxonomy":"category","embeddable":true,"href":"https:\/\/www.europesays.com\/ee\/wp-json\/wp\/v2\/categories?post=226747"},{"taxonomy":"post_tag","embeddable":true,"href":"https:\/\/www.europesays.com\/ee\/wp-json\/wp\/v2\/tags?post=226747"}],"curies":[{"name":"wp","href":"https:\/\/api.w.org\/{rel}","templated":true}]}}