{"id":226784,"date":"2026-07-13T07:04:15","date_gmt":"2026-07-13T07:04:15","guid":{"rendered":"https:\/\/www.europesays.com\/ee\/226784\/"},"modified":"2026-07-13T07:04:15","modified_gmt":"2026-07-13T07:04:15","slug":"joustusid-palgainfot-puudutavad-toolepinguseaduse-muudatused-eesti","status":"publish","type":"post","link":"https:\/\/www.europesays.com\/ee\/226784\/","title":{"rendered":"J\u00f5ustusid palgainfot puudutavad t\u00f6\u00f6lepinguseaduse muudatused | Eesti"},"content":{"rendered":"<p>Esmasp\u00e4evast hakkasid kehtima seadusmuudatused, mis teevad edaspidi palgainfo t\u00f6\u00f6suhetes selgemaks ja v\u00e4rbamiss\u00fcsteemi l\u00e4bipaistvamaks. Pakutav palk peab olema teada enne t\u00f6\u00f6vestlust, t\u00f6\u00f6andja ei tohi k\u00fcsida varasema palga kohta ega keelata t\u00f6\u00f6tajatel oma palgast r\u00e4\u00e4kida.<\/p>\n<p>Edaspidi peab t\u00f6\u00f6pakkuja avaldama kandideerijale t\u00f6\u00f6tasu enne esimest t\u00f6\u00f6vestlust kirjalikus vormis, teatas majandus- ja kommunikatsiooniministeerium, kelle v\u00e4itel s\u00e4\u00e4stab muudatus m\u00f5lema poole aega juhul, kui palgatingimused ei \u00fchti osapoolte n\u00e4gemusega.<\/p>\n<p>Majandus- ja t\u00f6\u00f6stusministri\u202fErkki\u202fKeldo (Refomrierakond)\u202fhinnangul peaks t\u00f6\u00f6otsija positsioon seel\u00e4bi muutuma palgal\u00e4bir\u00e4\u00e4kimistel tugevamaks.<\/p>\n<p>&#8220;Ei saa salata, et palk on \u00fcks olulisemaid kaalukeeli t\u00f6\u00f6koha valikul ning inimesel peab olema v\u00f5imalik teha teadlikke otsuseid juba v\u00e4rbamisprotsessi alguses. Palgainfo varasem avaldamine ning suurem l\u00e4bipaistvus v\u00e4rbamisprotsessis aitavad v\u00e4hendada p\u00f5hjendamatuid palgaerinevusi ja kujundada \u00f5iglasemat t\u00f6\u00f6turgu,&#8221; \u00fctles\u202fta.\u202f\u202f<\/p>\n<p>Samuti j\u00f5ustus keeld p\u00e4rida t\u00f6\u00f6otsijalt varasema v\u00f5i praeguse palga kohta. Eesm\u00e4rk on v\u00e4ltida olukordi, kus t\u00f6\u00f6taja varasem palk m\u00f5jutab p\u00f5hjendamatult tema tulevast t\u00f6\u00f6tasu ja -tingimusi.\u202f\u202f<\/p>\n<p>Lisaks on t\u00f6\u00f6tajatel \u00f5igus palgast r\u00e4\u00e4kida:\u202ft\u00f6\u00f6andjad ei v\u00f5i keelata t\u00f6\u00f6tajatel oma sissetulekute \u00fcle arutlemast.<\/p>\n<p>V\u00e4hendamaks soolist palgal\u00f5het ja tagamaks v\u00f5rdv\u00e4\u00e4rne t\u00f6\u00f6tasu on t\u00f6\u00f6andjal n\u00fc\u00fcd ka t\u00f6\u00f6lepingu seadusega kohustus tasustada naisi ja mehi v\u00f5rdsetel alustel. See t\u00e4hendab, et t\u00f6\u00f6andja peab maksma sama v\u00f5i v\u00f5rdv\u00e4\u00e4rse t\u00f6\u00f6 eest v\u00f5rdset tasu, v\u00e4lja arvatud, kui esinevad objektiivsed ja sooneutraalsed p\u00f5hjused erinevaks tasustamiseks.\u202f<\/p>\n<p>Muudatustega v\u00f5tab Eesti osaliselt \u00fcle Euroopa Komisjoni palkade l\u00e4bipaistvuse direktiivi.<\/p>\n","protected":false},"excerpt":{"rendered":"Esmasp\u00e4evast hakkasid kehtima seadusmuudatused, mis teevad edaspidi palgainfo t\u00f6\u00f6suhetes selgemaks ja v\u00e4rbamiss\u00fcsteemi l\u00e4bipaistvamaks. Pakutav palk peab olema teada&hellip;\n","protected":false},"author":2,"featured_media":224151,"comment_status":"","ping_status":"","sticky":false,"template":"","format":"standard","meta":{"footnotes":"","_share_on_mastodon":"0"},"categories":[5],"tags":[26,27,37,33,35,2197,34,36,31,32,21,28,29,19,1323,25,4544,23,24,22,20,30],"class_list":["post-226784","post","type-post","status-publish","format-standard","has-post-thumbnail","category-uldised-uudised","tag-breaking-news","tag-breakingnews","tag-ee","tag-eesti","tag-eesti-keel","tag-erkki-keldo","tag-estonia","tag-estonian","tag-featured-news","tag-featurednews","tag-headlines","tag-latest-news","tag-latestnews","tag-news","tag-palk","tag-populaarseimad-lood","tag-toolepingu-seadus","tag-top-stories","tag-topstories","tag-uldised-uudised","tag-uudised","tag-viimased-uudised"],"share_on_mastodon":{"url":"https:\/\/pubeurope.com\/@ee\/116911398116854729","error":""},"_links":{"self":[{"href":"https:\/\/www.europesays.com\/ee\/wp-json\/wp\/v2\/posts\/226784","targetHints":{"allow":["GET"]}}],"collection":[{"href":"https:\/\/www.europesays.com\/ee\/wp-json\/wp\/v2\/posts"}],"about":[{"href":"https:\/\/www.europesays.com\/ee\/wp-json\/wp\/v2\/types\/post"}],"author":[{"embeddable":true,"href":"https:\/\/www.europesays.com\/ee\/wp-json\/wp\/v2\/users\/2"}],"replies":[{"embeddable":true,"href":"https:\/\/www.europesays.com\/ee\/wp-json\/wp\/v2\/comments?post=226784"}],"version-history":[{"count":0,"href":"https:\/\/www.europesays.com\/ee\/wp-json\/wp\/v2\/posts\/226784\/revisions"}],"wp:featuredmedia":[{"embeddable":true,"href":"https:\/\/www.europesays.com\/ee\/wp-json\/wp\/v2\/media\/224151"}],"wp:attachment":[{"href":"https:\/\/www.europesays.com\/ee\/wp-json\/wp\/v2\/media?parent=226784"}],"wp:term":[{"taxonomy":"category","embeddable":true,"href":"https:\/\/www.europesays.com\/ee\/wp-json\/wp\/v2\/categories?post=226784"},{"taxonomy":"post_tag","embeddable":true,"href":"https:\/\/www.europesays.com\/ee\/wp-json\/wp\/v2\/tags?post=226784"}],"curies":[{"name":"wp","href":"https:\/\/api.w.org\/{rel}","templated":true}]}}