{"id":226892,"date":"2026-07-13T09:14:12","date_gmt":"2026-07-13T09:14:12","guid":{"rendered":"https:\/\/www.europesays.com\/ee\/226892\/"},"modified":"2026-07-13T09:14:12","modified_gmt":"2026-07-13T09:14:12","slug":"moldovasse-kukkus-ja-plahvatas-vene-droon","status":"publish","type":"post","link":"https:\/\/www.europesays.com\/ee\/226892\/","title":{"rendered":"Moldovasse kukkus ja plahvatas Vene droon"},"content":{"rendered":"<p>Moldova politsei peainspektoraat teatas, et kell 1.03 saabus teade, et Copanca k\u00fcla servast leiti v\u00e4ike lennuaparaat, mis sarnaneb droonile. Kokkupuutel maapinnaga see plahvatas, mis tekitas p\u00f5lengu, teatab Moldova portaal NewsMaker.<\/p>\n<p>Kohale l\u00e4ksid politseinikud ja tulet\u00f5rjujad. Keegi kannatada ei saanud. Ala eraldati ja toimub juurdlus.<\/p>\n<p>V\u00e4lisministeerium m\u00f5istis hukka Moldova \u00f5hupiiri rikkumise.<\/p>\n<p>\u201eSee uus intsident kujutab endast t\u00f5sist ja lubamatut Moldova \u00f5hupiiri rikkumist ning kinnitab veel kord, et <a rel=\"noopener nofollow\" target=\"_blank\" href=\"https:\/\/www.delfi.ee\/teema\/3\/venemaa\" tag-id=\"3\">Venemaa<\/a> agressioonis\u00f5da Ukraina vastu tekitab otsese ohu meie kodanike ja kogu regiooni julgeolekule,\u201c teatas Moldova v\u00e4lisministeerium.<\/p>\n<p>Kuidas see lugu Sind end tundma pani? Saada <a href=\"https:\/\/www.delfi.ee\/artikkel\/120596809\/moldovasse-kukkus-ja-plahvatas-vene-droon\/kommentaarid\" class=\"article-body-bottom__comment article-body-bottom__comment--write button button--primary button--size-auto\" rel=\"nofollow noopener\" target=\"_blank\"> Kommenteeri <\/a><a href=\"https:\/\/www.delfi.ee\/artikkel\/120596809\/moldovasse-kukkus-ja-plahvatas-vene-droon\/kommentaarid\" class=\"article-body-bottom__comment article-body-bottom__comment--read button button--size-auto\" rel=\"nofollow noopener\" target=\"_blank\"> Loe kommentaare (3)<\/a><\/p>\n","protected":false},"excerpt":{"rendered":"Moldova politsei peainspektoraat teatas, et kell 1.03 saabus teade, et Copanca k\u00fcla servast leiti v\u00e4ike lennuaparaat, mis sarnaneb&hellip;\n","protected":false},"author":2,"featured_media":226893,"comment_status":"","ping_status":"","sticky":false,"template":"","format":"standard","meta":{"footnotes":"","_share_on_mastodon":"0"},"categories":[80],"tags":[26,27,37,33,35,34,36,31,32,21,28,29,95,1949,19,3254,25,107,23,24,262,22,20,96,30,92,93,94],"class_list":["post-226892","post","type-post","status-publish","format-standard","has-post-thumbnail","category-maailm","tag-breaking-news","tag-breakingnews","tag-ee","tag-eesti","tag-eesti-keel","tag-estonia","tag-estonian","tag-featured-news","tag-featurednews","tag-headlines","tag-latest-news","tag-latestnews","tag-maailm","tag-moldova","tag-news","tag-odessa","tag-populaarseimad-lood","tag-soda-ukrainas","tag-top-stories","tag-topstories","tag-ukraina","tag-uldised-uudised","tag-uudised","tag-venemaa","tag-viimased-uudised","tag-world","tag-world-news","tag-worldnews"],"share_on_mastodon":{"url":"https:\/\/pubeurope.com\/@ee\/116911909296433094","error":""},"_links":{"self":[{"href":"https:\/\/www.europesays.com\/ee\/wp-json\/wp\/v2\/posts\/226892","targetHints":{"allow":["GET"]}}],"collection":[{"href":"https:\/\/www.europesays.com\/ee\/wp-json\/wp\/v2\/posts"}],"about":[{"href":"https:\/\/www.europesays.com\/ee\/wp-json\/wp\/v2\/types\/post"}],"author":[{"embeddable":true,"href":"https:\/\/www.europesays.com\/ee\/wp-json\/wp\/v2\/users\/2"}],"replies":[{"embeddable":true,"href":"https:\/\/www.europesays.com\/ee\/wp-json\/wp\/v2\/comments?post=226892"}],"version-history":[{"count":0,"href":"https:\/\/www.europesays.com\/ee\/wp-json\/wp\/v2\/posts\/226892\/revisions"}],"wp:featuredmedia":[{"embeddable":true,"href":"https:\/\/www.europesays.com\/ee\/wp-json\/wp\/v2\/media\/226893"}],"wp:attachment":[{"href":"https:\/\/www.europesays.com\/ee\/wp-json\/wp\/v2\/media?parent=226892"}],"wp:term":[{"taxonomy":"category","embeddable":true,"href":"https:\/\/www.europesays.com\/ee\/wp-json\/wp\/v2\/categories?post=226892"},{"taxonomy":"post_tag","embeddable":true,"href":"https:\/\/www.europesays.com\/ee\/wp-json\/wp\/v2\/tags?post=226892"}],"curies":[{"name":"wp","href":"https:\/\/api.w.org\/{rel}","templated":true}]}}