{"id":226903,"date":"2026-07-13T09:26:30","date_gmt":"2026-07-13T09:26:30","guid":{"rendered":"https:\/\/www.europesays.com\/ee\/226903\/"},"modified":"2026-07-13T09:26:30","modified_gmt":"2026-07-13T09:26:30","slug":"tootukassa-uuendusmeelne-lahenemine-toetab-noorte-joudmist-tooturule","status":"publish","type":"post","link":"https:\/\/www.europesays.com\/ee\/226903\/","title":{"rendered":"T\u00f6\u00f6tukassa uuendusmeelne l\u00e4henemine toetab noorte j\u00f5udmist t\u00f6\u00f6turule"},"content":{"rendered":"<p>Noore inimese jaoks v\u00f5ib t\u00f6\u00f6turule sisenemine olla korraga nii p\u00f5nev kui ka hirmutav. \u00dchelt poolt on soov saada iseseisvaks, leida elus oma koht ja teha midagi t\u00e4hendusrikast. Teisalt tekivad k\u00fcsimused nagu n\u00e4iteks mida ma \u00fcldse oskan, kust alustada ja miks peaks keegi mind t\u00f6\u00f6le v\u00f5tma, kui mul kogemust veel ei ole?<\/p>\n<p>P\u00e4rnu T\u00f6\u00f6tukassas n\u00fc\u00fcdseks juba kuuaega noori n\u00f5ustav 25-aastane Liisa Koppel teab h\u00e4sti, mida t\u00e4hendab otsida oma kohta ja m\u00f5elda, milline v\u00f5iks olla j\u00e4rgmine samm.<\/p>\n","protected":false},"excerpt":{"rendered":"Noore inimese jaoks v\u00f5ib t\u00f6\u00f6turule sisenemine olla korraga nii p\u00f5nev kui ka hirmutav. \u00dchelt poolt on soov saada&hellip;\n","protected":false},"author":2,"featured_media":226904,"comment_status":"","ping_status":"","sticky":false,"template":"","format":"standard","meta":{"footnotes":"","_share_on_mastodon":"0"},"categories":[12],"tags":[26,27,91712,37,33,35,34,36,31,32,21,28,29,19,1218,91709,25,91713,2178,2161,91710,33761,23,24,22,20,91711,30],"class_list":["post-226903","post","type-post","status-publish","format-standard","has-post-thumbnail","category-eesti","tag-breaking-news","tag-breakingnews","tag-cv-koostamine","tag-ee","tag-eesti","tag-eesti-keel","tag-estonia","tag-estonian","tag-featured-news","tag-featurednews","tag-headlines","tag-latest-news","tag-latestnews","tag-news","tag-noored","tag-parnu-tootukassa","tag-populaarseimad-lood","tag-toootsimine-noortele","tag-tootukassa","tag-tooturg","tag-tooturule-sisenemine","tag-tooturuteenused","tag-top-stories","tag-topstories","tag-uldised-uudised","tag-uudised","tag-vaimne-tervis-noortel","tag-viimased-uudised"],"share_on_mastodon":{"url":"https:\/\/pubeurope.com\/@ee\/116911956821403061","error":""},"_links":{"self":[{"href":"https:\/\/www.europesays.com\/ee\/wp-json\/wp\/v2\/posts\/226903","targetHints":{"allow":["GET"]}}],"collection":[{"href":"https:\/\/www.europesays.com\/ee\/wp-json\/wp\/v2\/posts"}],"about":[{"href":"https:\/\/www.europesays.com\/ee\/wp-json\/wp\/v2\/types\/post"}],"author":[{"embeddable":true,"href":"https:\/\/www.europesays.com\/ee\/wp-json\/wp\/v2\/users\/2"}],"replies":[{"embeddable":true,"href":"https:\/\/www.europesays.com\/ee\/wp-json\/wp\/v2\/comments?post=226903"}],"version-history":[{"count":0,"href":"https:\/\/www.europesays.com\/ee\/wp-json\/wp\/v2\/posts\/226903\/revisions"}],"wp:featuredmedia":[{"embeddable":true,"href":"https:\/\/www.europesays.com\/ee\/wp-json\/wp\/v2\/media\/226904"}],"wp:attachment":[{"href":"https:\/\/www.europesays.com\/ee\/wp-json\/wp\/v2\/media?parent=226903"}],"wp:term":[{"taxonomy":"category","embeddable":true,"href":"https:\/\/www.europesays.com\/ee\/wp-json\/wp\/v2\/categories?post=226903"},{"taxonomy":"post_tag","embeddable":true,"href":"https:\/\/www.europesays.com\/ee\/wp-json\/wp\/v2\/tags?post=226903"}],"curies":[{"name":"wp","href":"https:\/\/api.w.org\/{rel}","templated":true}]}}