{"id":226975,"date":"2026-07-13T10:40:33","date_gmt":"2026-07-13T10:40:33","guid":{"rendered":"https:\/\/www.europesays.com\/ee\/226975\/"},"modified":"2026-07-13T10:40:33","modified_gmt":"2026-07-13T10:40:33","slug":"kohtunik-vilistas-igonenile-penaltivea-tiimikaaslane-see-pidanuks-olema-vastasele-punane-video-soccernet-ee","status":"publish","type":"post","link":"https:\/\/www.europesays.com\/ee\/226975\/","title":{"rendered":"Kohtunik vilistas Igonenile penaltivea. Tiimikaaslane: see pidanuks olema vastasele punane (video!) &#8211; Soccernet.ee"},"content":{"rendered":"<p><img decoding=\"async\" src=\"https:\/\/www.europesays.com\/ee\/wp-content\/uploads\/2026\/07\/1783883302.jpg\" alt=\"Matvei Igonen. Foto: Degerfors IF\"\/>&#13;\n<\/p>\n<p>Eesti v\u00e4ravavaht Matvei Igonen tegi kohtuniku hinnangul\u00a0kiire penaltivea ja tema koduklubi Degerfors kaotas Rootsi k\u00f5rgliigas V\u00e4sterasele 0:2.<\/p>\n<p>Kuuendal minutil l\u00e4ksid karistusalasse saadetud pika palli peale nii Igonen kui ka V\u00e4sterase m\u00e4ngija Marcus Baggesen. Eesti puurivaht tahtis palli s\u00fclle p\u00fc\u00fcda, kui Baggesen olukorda, korgid ees, sisse h\u00fcppas. Kuna V\u00e4sterase mees tabas enne palli ja alles seej\u00e4rel Igoneni, otsustas kohtunik anda Igonenile kontakti eest kollase kaardi ja vastaste kasuks penalti. J\u00e4rgnenud penalti realiseeris\u00a0Mikkel Ladefoged, kes pettis Igoneni valesse suunda.&#13;\n<\/p>\n<p>Euroopa 30 tugevaima k\u00f5rgliiga seas on rootslaste Allsvenskan ainus, kus pole kasutusel VAR-i. Igoneni klubikaaslane\u00a0Nahom Netabay avaldas p\u00e4rast kohtumist\u00a0V\u00e4rmlands Folkbladiga r\u00e4\u00e4kides teravalt rahulolematust: &#8220;Vastase punase kaardi asemel oli see penalti. Kuidas? Nad v\u00f5ivad mulle m\u00e4ngukeelu m\u00e4\u00e4rata, kui tahavad, aga ma \u00fctlen: tooge VAR v\u00f5i pange Allsvenskan kinni!&#8221;&#13;\n<\/p>\n<p>Kohtumise teine v\u00e4rav l\u00f6\u00f6di teisel poolajal karistusl\u00f6\u00f6gi olukorras riko\u0161eti abil. Tabamuse sai enda nimele Baggesen. Igonen viibis tavap\u00e4raselt platsil algusest l\u00f5puni.<\/p>\n<p>Tabelis paikneb kaheksa liigam\u00e4ngu j\u00e4rjest v\u00f5iduta olev Degerfors 13. ning V\u00e4steras 7. positsioonil. T\u00e4nase kohtumise tipphetked:&#13;\n<\/p>\n<p>&#13;\n<\/p>\n<p>Markus Soometsa t\u00f6\u00f6andja Kristiansandi Start kaotas Norra k\u00f5rgliigas Bergeni Brannile 1:2. Soomets sekkus vahetusest 48. minutil, kui skoor oli veel avamata. Brann l\u00f5i v\u00f5iduv\u00e4rava 90. minutil.&#13;\n<\/p>\n<p>Start paikneb viimasel, 16. tabelireal. Brann t\u00f5usis hetkel kaheksandaks.<\/p>\n","protected":false},"excerpt":{"rendered":"&#13; Eesti v\u00e4ravavaht Matvei Igonen tegi kohtuniku hinnangul\u00a0kiire penaltivea ja tema koduklubi Degerfors kaotas Rootsi k\u00f5rgliigas V\u00e4sterasele 0:2.&hellip;\n","protected":false},"author":2,"featured_media":226976,"comment_status":"","ping_status":"","sticky":false,"template":"","format":"standard","meta":{"footnotes":"","_share_on_mastodon":"0"},"categories":[18],"tags":[4165,4166,5137,37,33,35,34,36,5139,14769,919,1633,8580,159,158,8581,90262],"class_list":["post-226975","post","type-post","status-publish","format-standard","has-post-thumbnail","category-sport","tag-bergeni-brann","tag-brann","tag-degerfors","tag-ee","tag-eesti","tag-eesti-keel","tag-estonia","tag-estonian","tag-igonen","tag-kristiansandi-start","tag-markus-soomets","tag-matvei-igonen","tag-soomets","tag-sport","tag-sports","tag-start","tag-vasteras"],"share_on_mastodon":{"url":"https:\/\/pubeurope.com\/@ee\/116912247751880331","error":""},"_links":{"self":[{"href":"https:\/\/www.europesays.com\/ee\/wp-json\/wp\/v2\/posts\/226975","targetHints":{"allow":["GET"]}}],"collection":[{"href":"https:\/\/www.europesays.com\/ee\/wp-json\/wp\/v2\/posts"}],"about":[{"href":"https:\/\/www.europesays.com\/ee\/wp-json\/wp\/v2\/types\/post"}],"author":[{"embeddable":true,"href":"https:\/\/www.europesays.com\/ee\/wp-json\/wp\/v2\/users\/2"}],"replies":[{"embeddable":true,"href":"https:\/\/www.europesays.com\/ee\/wp-json\/wp\/v2\/comments?post=226975"}],"version-history":[{"count":0,"href":"https:\/\/www.europesays.com\/ee\/wp-json\/wp\/v2\/posts\/226975\/revisions"}],"wp:featuredmedia":[{"embeddable":true,"href":"https:\/\/www.europesays.com\/ee\/wp-json\/wp\/v2\/media\/226976"}],"wp:attachment":[{"href":"https:\/\/www.europesays.com\/ee\/wp-json\/wp\/v2\/media?parent=226975"}],"wp:term":[{"taxonomy":"category","embeddable":true,"href":"https:\/\/www.europesays.com\/ee\/wp-json\/wp\/v2\/categories?post=226975"},{"taxonomy":"post_tag","embeddable":true,"href":"https:\/\/www.europesays.com\/ee\/wp-json\/wp\/v2\/tags?post=226975"}],"curies":[{"name":"wp","href":"https:\/\/api.w.org\/{rel}","templated":true}]}}