{"id":227025,"date":"2026-07-13T11:40:16","date_gmt":"2026-07-13T11:40:16","guid":{"rendered":"https:\/\/www.europesays.com\/ee\/227025\/"},"modified":"2026-07-13T11:40:16","modified_gmt":"2026-07-13T11:40:16","slug":"paastjatele-andsid-nadalavahetusel-tood-murdunud-puud-ja-katusele-tukkuma-jaanud-mees-parnu-postimees","status":"publish","type":"post","link":"https:\/\/www.europesays.com\/ee\/227025\/","title":{"rendered":"P\u00e4\u00e4stjatele andsid n\u00e4dalavahetusel t\u00f6\u00f6d murdunud puud ja katusele tukkuma j\u00e4\u00e4nud mees &#8211; P\u00e4rnu Postimees"},"content":{"rendered":"<ol>\n<li><a href=\"https:\/\/news.google.com\/rss\/articles\/CBMivAFBVV95cUxQenB4LUVjNldyaE03dFgzVlNfTW9oYWlZRVZqekR1NzQza3ItVkFBNXdmWnBYWXdTUmFzYmJ1Zy1vUWdSVkNMZHZoSjkyMEV1U2V3YXUtZHVjeG5Qd19lbkZOS0swTHpuRmpjRlpMbFRQekdFZVkwa2tCWlNDRXhnRWVWVDl1dGppcFBoSmREN25EWGdjTkRRUFB4UTF5aVU3eUI3ZWFBVXJGbEk3STIwVnB0emdMTmFHNzNoWg?oc=5\" target=\"_blank\" rel=\"nofollow noopener\">P\u00e4\u00e4stjatele andsid n\u00e4dalavahetusel t\u00f6\u00f6d murdunud puud ja katusele tukkuma j\u00e4\u00e4nud mees<\/a>&nbsp;&nbsp;P\u00e4rnu Postimees<\/li>\n<li><a href=\"https:\/\/news.google.com\/rss\/articles\/CBMiogJBVV95cUxNYklMRXZ5d1RfTTlUbVlObHdtVmFWZHRycENjYS1JM0NIeUJKSWVrdjgzb1k0dkdVdXRZOFVFNHZzaDdtRkl0NzFfZERaZWZfbmp5bXh2bGYtSHl2VEFXY1VNV0JtRTNnajVrRmNUa3V0bTlEX3poQURneWd1ekd0SHlWb1FEc3VqT1NSMDRFcHBTRzNWV09BXzVNV0VvNHUzWnNNak92U0I3MkJnRHlsVDBqSXhrQzQweHNZSHYxZVprUXpjcGdUVXpyQmJoeElka1kxTGFqQXBGYUJHZW14OHJsODhQa213ZkhKb0pfcFlwa1d2ZFAwRHFiSy1oMHhvbXY3ZkV6OWhOVVFDM0dPUk96c25jM01RcTF0U0pQeW5Ddw?oc=5\" target=\"_blank\" rel=\"nofollow noopener\">VIDEOD \u27e9 Ida-Virumaal prantsatasid tormiga r\u00e4sida saanud hiiglaslikud puud teele, ehmatusega p\u00e4\u00e4senud inimesed \u00fchendasid j\u00f5ud tee vabastamiseks<\/a>&nbsp;&nbsp;Inbox.eu<\/li>\n<li><a href=\"https:\/\/news.google.com\/rss\/articles\/CBMiP0FVX3lxTE4wMjQtTVByU1pDX0dqY2lxQUcyV0phdmNlSzNfM0tPRVdOc3dyeF9BSmsxd0NQTXhnaW1ON09KQQ?oc=5\" target=\"_blank\" rel=\"nofollow noopener\">L\u00f5una-Eesti p\u00e4\u00e4stjatel oli t\u00f6ine \u00f6\u00f6p\u00e4ev<\/a>&nbsp;&nbsp;Uudis.net<\/li>\n<li><a href=\"https:\/\/news.google.com\/rss\/articles\/CBMihgJBVV95cUxNdXZvUHhTQmdLLWs0c09uMlNoQmxvZFZtaDRabG5FYS1XSWh4S2ttQTFfcUlMR05QYmlKOEpEUnlBUGk0OTNhV2VCUWk0eDRvUGJMamR4dlJ1WDNidkR0SXByek92TDBDSV9BUWNZcy00ZjRDY015N2d6RUVBbEpOQWI0b3ZCT1JWM2xid2NiMU1kVGlzSVhsSlo2SHA1U2dKQkl0XzYzUy1VeUpSYkFfRTlDTXhfcUFNVUVLcnBtSmc3T1NnY3FzcnU5WjZwVmVKYmVjMnpieE4wVVJMWVEyVWFvN0FFbGppaWVCczhTWFZUWDNzWk9fdllWOWtVU2pMSkltcjJR?oc=5\" target=\"_blank\" rel=\"nofollow noopener\">VIDEOD Ida-Virumaal prantsatasid tormiga r\u00e4sida saanud hiiglaslikud puud teele, ehmatusega p\u00e4\u00e4senud inimesed \u00fchendasid j\u00f5ud tee vabastamiseks<\/a>&nbsp;&nbsp;Elu24<\/li>\n<\/ol>\n","protected":false},"excerpt":{"rendered":"P\u00e4\u00e4stjatele andsid n\u00e4dalavahetusel t\u00f6\u00f6d murdunud puud ja katusele tukkuma j\u00e4\u00e4nud mees&nbsp;&nbsp;P\u00e4rnu Postimees VIDEOD \u27e9 Ida-Virumaal prantsatasid tormiga r\u00e4sida&hellip;\n","protected":false},"author":2,"featured_media":227026,"comment_status":"","ping_status":"","sticky":false,"template":"","format":"standard","meta":{"footnotes":"","_share_on_mastodon":"0"},"categories":[5],"tags":[346,345,342,26,27,37,33,35,34,36,31,32,21,344,360,343,339,28,29,349,19,341,354,357,351,352,355,356,348,336,350,337,353,25,159,338,340,347,23,24,358,22,359,20,30],"class_list":["post-227025","post","type-post","status-publish","format-standard","has-post-thumbnail","category-uldised-uudised","tag-ajakirjaniku-kontakt","tag-ajalehe-tellimine","tag-arhiiv","tag-breaking-news","tag-breakingnews","tag-ee","tag-eesti","tag-eesti-keel","tag-estonia","tag-estonian","tag-featured-news","tag-featurednews","tag-headlines","tag-kaastundeavaldus","tag-kesklinna-sild","tag-kuulutuse-lisamine","tag-kuulutused","tag-latest-news","tag-latestnews","tag-liiklusonnetus","tag-news","tag-paberleht","tag-parnu-haigla","tag-parnu-jahtklubi","tag-parnu-linn","tag-parnu-maakohus","tag-parnu-rand","tag-parnu-sadam","tag-parnu-uritused","tag-parnu-uudised","tag-parnumaa","tag-parnumaa-uudised","tag-politsei","tag-populaarseimad-lood","tag-sport","tag-suvepealinn","tag-tellimine","tag-toimetuse-kontakt","tag-top-stories","tag-topstories","tag-tulekahju","tag-uldised-uudised","tag-urituste-kava","tag-uudised","tag-viimased-uudised"],"share_on_mastodon":{"url":"","error":"Validation failed: Text character limit of 500 exceeded"},"_links":{"self":[{"href":"https:\/\/www.europesays.com\/ee\/wp-json\/wp\/v2\/posts\/227025","targetHints":{"allow":["GET"]}}],"collection":[{"href":"https:\/\/www.europesays.com\/ee\/wp-json\/wp\/v2\/posts"}],"about":[{"href":"https:\/\/www.europesays.com\/ee\/wp-json\/wp\/v2\/types\/post"}],"author":[{"embeddable":true,"href":"https:\/\/www.europesays.com\/ee\/wp-json\/wp\/v2\/users\/2"}],"replies":[{"embeddable":true,"href":"https:\/\/www.europesays.com\/ee\/wp-json\/wp\/v2\/comments?post=227025"}],"version-history":[{"count":0,"href":"https:\/\/www.europesays.com\/ee\/wp-json\/wp\/v2\/posts\/227025\/revisions"}],"wp:featuredmedia":[{"embeddable":true,"href":"https:\/\/www.europesays.com\/ee\/wp-json\/wp\/v2\/media\/227026"}],"wp:attachment":[{"href":"https:\/\/www.europesays.com\/ee\/wp-json\/wp\/v2\/media?parent=227025"}],"wp:term":[{"taxonomy":"category","embeddable":true,"href":"https:\/\/www.europesays.com\/ee\/wp-json\/wp\/v2\/categories?post=227025"},{"taxonomy":"post_tag","embeddable":true,"href":"https:\/\/www.europesays.com\/ee\/wp-json\/wp\/v2\/tags?post=227025"}],"curies":[{"name":"wp","href":"https:\/\/api.w.org\/{rel}","templated":true}]}}