{"id":227035,"date":"2026-07-13T11:58:19","date_gmt":"2026-07-13T11:58:19","guid":{"rendered":"https:\/\/www.europesays.com\/ee\/227035\/"},"modified":"2026-07-13T11:58:19","modified_gmt":"2026-07-13T11:58:19","slug":"luulelounal-oli-kulas-luuletaja-ja-prosaist-aliis-aalmann","status":"publish","type":"post","link":"https:\/\/www.europesays.com\/ee\/227035\/","title":{"rendered":"Luulel\u00f5unal oli k\u00fclas luuletaja ja prosaist Aliis Aalmann"},"content":{"rendered":"<p>8. juuli hall ja s\u00fcgiseselt vihmane keskp\u00e4ev lausa kutsus tubaseid kultuurielamusi otsima. Rapla keskraamatukogusse suundunud huvilistel avaneski t\u00e4iuslik v\u00f5imalus sombuse ilma eest pakku pugeda, sest sarja \u201eLuulel\u00f5una\u201c k\u00fclaline oli sel korral luuletaja ja prosaist Aliis Aalmann.<\/p>\n<p>Kreta Liis Reino<\/p>\n<p>K\u00fcmmekonnast kuulajast koosnev publik sai osa vahetust ja soojast kohtumisest, kus noor literaat avas oma loomingu ja selle maailma tagatubade uksed. <\/p>\n","protected":false},"excerpt":{"rendered":"8. juuli hall ja s\u00fcgiseselt vihmane keskp\u00e4ev lausa kutsus tubaseid kultuurielamusi otsima. Rapla keskraamatukogusse suundunud huvilistel avaneski t\u00e4iuslik&hellip;\n","protected":false},"author":2,"featured_media":227036,"comment_status":"","ping_status":"","sticky":false,"template":"","format":"standard","meta":{"footnotes":"","_share_on_mastodon":"0"},"categories":[16],"tags":[2188,37,33,35,173,34,36,140],"class_list":["post-227035","post","type-post","status-publish","format-standard","has-post-thumbnail","category-meelelahutus","tag-aliis-aalmann","tag-ee","tag-eesti","tag-eesti-keel","tag-entertainment","tag-estonia","tag-estonian","tag-meelelahutus"],"share_on_mastodon":{"url":"https:\/\/pubeurope.com\/@ee\/116912554235239705","error":""},"_links":{"self":[{"href":"https:\/\/www.europesays.com\/ee\/wp-json\/wp\/v2\/posts\/227035","targetHints":{"allow":["GET"]}}],"collection":[{"href":"https:\/\/www.europesays.com\/ee\/wp-json\/wp\/v2\/posts"}],"about":[{"href":"https:\/\/www.europesays.com\/ee\/wp-json\/wp\/v2\/types\/post"}],"author":[{"embeddable":true,"href":"https:\/\/www.europesays.com\/ee\/wp-json\/wp\/v2\/users\/2"}],"replies":[{"embeddable":true,"href":"https:\/\/www.europesays.com\/ee\/wp-json\/wp\/v2\/comments?post=227035"}],"version-history":[{"count":0,"href":"https:\/\/www.europesays.com\/ee\/wp-json\/wp\/v2\/posts\/227035\/revisions"}],"wp:featuredmedia":[{"embeddable":true,"href":"https:\/\/www.europesays.com\/ee\/wp-json\/wp\/v2\/media\/227036"}],"wp:attachment":[{"href":"https:\/\/www.europesays.com\/ee\/wp-json\/wp\/v2\/media?parent=227035"}],"wp:term":[{"taxonomy":"category","embeddable":true,"href":"https:\/\/www.europesays.com\/ee\/wp-json\/wp\/v2\/categories?post=227035"},{"taxonomy":"post_tag","embeddable":true,"href":"https:\/\/www.europesays.com\/ee\/wp-json\/wp\/v2\/tags?post=227035"}],"curies":[{"name":"wp","href":"https:\/\/api.w.org\/{rel}","templated":true}]}}