{"id":227176,"date":"2026-07-13T14:21:18","date_gmt":"2026-07-13T14:21:18","guid":{"rendered":"https:\/\/www.europesays.com\/ee\/227176\/"},"modified":"2026-07-13T14:21:18","modified_gmt":"2026-07-13T14:21:18","slug":"klops-victoria-beckhamist-sai-hetkega-interneti-hitt-tema-reaktsioon-inglismaa-varavale-pani-sotsiaalmeedia-kihama-3","status":"publish","type":"post","link":"https:\/\/www.europesays.com\/ee\/227176\/","title":{"rendered":"KL\u00d5PS | Victoria Beckhamist sai hetkega interneti hitt. Tema reaktsioon Inglismaa v\u00e4ravale pani sotsiaalmeedia kihama"},"content":{"rendered":"<p>Inglismaa alistas laup\u00e4eval Norra tulemusega 2 : 1 ning kindlustas koha maailmameistriv\u00f5istluste poolfinaalis. Otsustavaks kujunes <a rel=\"noopener nofollow\" target=\"_blank\" href=\"https:\/\/www.delfi.ee\/teema\/96846796\/jude-bellingham\" tag-id=\"96846796\">Jude Bellinghami<\/a> tabamus avapoolaja lisaminutitel, mis pani trib\u00fc\u00fcnid r\u00f5kkama.<\/p>\n<p class=\"isSelectedEnd\">VIP-loo\u017eis elasid kohtumisele kaasa <a rel=\"noopener nofollow\" target=\"_blank\" href=\"https:\/\/www.delfi.ee\/teema\/54\/david-beckham\" tag-id=\"54\">David Beckham<\/a> (51), pojad Romeo (23) ja Cruz (21) ning t\u00fctar Harper (15). V\u00e4rava j\u00e4rel h\u00fcppasid k\u00f5ik r\u00f5\u00f5must p\u00fcsti, kuid Victoria Beckham (52) j\u00e4i rahulikult oma kohale istuma ega n\u00e4idanud v\u00e4lja v\u00e4himatki elevust.<\/p>\n<p><img decoding=\"async\" src=\"https:\/\/www.europesays.com\/ee\/wp-content\/uploads\/2026\/07\/1783952478_52_1b81f15c-a7b6-48d8-abe2-ead105953c04.jpg\" loading=\"lazy\" alt=\"David Beckham, Romeo Beckham, Cruz Beckham, Harper Beckham ja Victoria Beckham (alumises reas istuv naine) t\u00e4histamas Inglismaa teist v\u00e4ravat.\"\/><\/p>\n<p class=\"isSelectedEnd\">Ka televaatajad m\u00e4rkasid kontrasti kohe. Sotsiaalmeedias hakati jagama ekraanipilte, millel loo\u017eis olevad staarid juubeldavad, samal ajal kui Victoria istub liikumatult edasi. \u00dcks kasutaja kirjutas, et pilt \u00fctleb rohkem kui tuhat s\u00f5na, teine m\u00e4rkis humoorikalt, et Victoria serveerib poosi, samal ajal kui kogu \u00fclej\u00e4\u00e4nud perekond t\u00e4histab. Kolmas nimetas teda koguni k\u00f5ige britilikumaks naiseks \u00fcldse.<\/p>\n<p class=\"isSelectedEnd\">Hiljem oli Victoria siiski m\u00e4rksa emotsionaalsem ning aplodeeris koos \u00fclej\u00e4\u00e4nud publikuga Inglismaa v\u00f5idu puhul. Ka oma Instagramis jagas ta \u00f5htu j\u00e4rel fotosid perekonnast ning kirjutas, et tegemist oli erilise \u00f5htuga nii nende pere kui ka kogu riigi jaoks.<\/p>\n<p class=\"isSelectedEnd\">Victoria on varem korduvalt tunnistanud, et jalgpall ei kuulu tema lemmikalade hulka. Ta on r\u00e4\u00e4kinud, et ei tundnud end David Beckhami m\u00e4ngude ajal trib\u00fc\u00fcnidel kuigi oodatuna ning hakkas seda spordiala t\u00f5eliselt nautima alles p\u00e4rast abikaasa m\u00e4ngijakarj\u00e4\u00e4ri l\u00f5ppu ja Inter Miami klubi loomist.<\/p>\n<p>T\u00e4helepanelikud f\u00e4nnid m\u00e4rkasid aga sedagi, et Beckhamite pere kogunes taas ilma vanima poja Brooklyni ja tema abikaasa Nicola Peltzita. V\u00e4lismeedia andmetel on Brooklyni suhted vanematega endiselt pingelised ning ta j\u00e4lgis kohtumist hoopis New Yorgist.<\/p>\n<p>Kuidas see lugu Sind end tundma pani? Saada <a href=\"https:\/\/kroonika.delfi.ee\/artikkel\/120596767\/klops-victoria-beckhamist-sai-hetkega-interneti-hitt-tema-reaktsioon-inglismaa-varavale-pani-sotsiaalmeedia-kihama\/kommentaarid\" class=\"article-body-bottom__comment article-body-bottom__comment--write button button--primary button--size-auto\" rel=\"nofollow noopener\" target=\"_blank\"> Kommenteeri <\/a><a href=\"https:\/\/kroonika.delfi.ee\/artikkel\/120596767\/klops-victoria-beckhamist-sai-hetkega-interneti-hitt-tema-reaktsioon-inglismaa-varavale-pani-sotsiaalmeedia-kihama\/kommentaarid\" class=\"article-body-bottom__comment article-body-bottom__comment--read button button--size-auto\" rel=\"nofollow noopener\" target=\"_blank\"> Loe kommentaare (24)<\/a><\/p>\n","protected":false},"excerpt":{"rendered":"Inglismaa alistas laup\u00e4eval Norra tulemusega 2 : 1 ning kindlustas koha maailmameistriv\u00f5istluste poolfinaalis. Otsustavaks kujunes Jude Bellinghami tabamus&hellip;\n","protected":false},"author":2,"featured_media":226839,"comment_status":"","ping_status":"","sticky":false,"template":"","format":"standard","meta":{"footnotes":"","_share_on_mastodon":"0"},"categories":[16],"tags":[1561,37,33,35,173,34,36,14973,140,1562],"class_list":["post-227176","post","type-post","status-publish","format-standard","has-post-thumbnail","category-meelelahutus","tag-david-beckham","tag-ee","tag-eesti","tag-eesti-keel","tag-entertainment","tag-estonia","tag-estonian","tag-jude-bellingham","tag-meelelahutus","tag-victoria-beckham"],"share_on_mastodon":{"url":"https:\/\/pubeurope.com\/@ee\/116913116954358049","error":""},"_links":{"self":[{"href":"https:\/\/www.europesays.com\/ee\/wp-json\/wp\/v2\/posts\/227176","targetHints":{"allow":["GET"]}}],"collection":[{"href":"https:\/\/www.europesays.com\/ee\/wp-json\/wp\/v2\/posts"}],"about":[{"href":"https:\/\/www.europesays.com\/ee\/wp-json\/wp\/v2\/types\/post"}],"author":[{"embeddable":true,"href":"https:\/\/www.europesays.com\/ee\/wp-json\/wp\/v2\/users\/2"}],"replies":[{"embeddable":true,"href":"https:\/\/www.europesays.com\/ee\/wp-json\/wp\/v2\/comments?post=227176"}],"version-history":[{"count":0,"href":"https:\/\/www.europesays.com\/ee\/wp-json\/wp\/v2\/posts\/227176\/revisions"}],"wp:featuredmedia":[{"embeddable":true,"href":"https:\/\/www.europesays.com\/ee\/wp-json\/wp\/v2\/media\/226839"}],"wp:attachment":[{"href":"https:\/\/www.europesays.com\/ee\/wp-json\/wp\/v2\/media?parent=227176"}],"wp:term":[{"taxonomy":"category","embeddable":true,"href":"https:\/\/www.europesays.com\/ee\/wp-json\/wp\/v2\/categories?post=227176"},{"taxonomy":"post_tag","embeddable":true,"href":"https:\/\/www.europesays.com\/ee\/wp-json\/wp\/v2\/tags?post=227176"}],"curies":[{"name":"wp","href":"https:\/\/api.w.org\/{rel}","templated":true}]}}