{"id":227292,"date":"2026-07-13T16:33:10","date_gmt":"2026-07-13T16:33:10","guid":{"rendered":"https:\/\/www.europesays.com\/ee\/227292\/"},"modified":"2026-07-13T16:33:10","modified_gmt":"2026-07-13T16:33:10","slug":"tuli-keskel-andrea-bocelli-villas-oobinud-kulalisi-rooviti-staartenori-esindaja-palub-oobijatel-ise-hakkama-saada","status":"publish","type":"post","link":"https:\/\/www.europesays.com\/ee\/227292\/","title":{"rendered":"T\u00dcLI KESKEL! Andrea Bocelli villas \u00f6\u00f6binud k\u00fclalisi r\u00f6\u00f6viti! Staartenori esindaja palub \u00f6\u00f6bijatel ise hakkama saada"},"content":{"rendered":"<p>Ameerika \u00dchendriikidest p\u00e4rit paar langes pulmaeelsel \u00f5htul r\u00f6\u00f6vi ohvriks, kui nende renditud luksusvillasse, mis kuulub Bocelli perekonnale, murti sisse. Toscanas asuvas Forte dei Marmi kuurortlinnas toimunud kuriteo ajal ei viibinud m\u00f5isas kedagi. Omanikud olid selle villa ajutiselt v\u00e4lja \u00fc\u00fcrinud ameerika perekonnale, kes olid parasjagu \u00f5htus\u00f6\u00f6gil. Sissetungijad murdsid sisse ja varastasid ehteid, kalleid k\u00e4ekellasid, disainerk\u00e4ekotte ja sularaha.<\/p>\n<p>Paari s\u00f5nul oli m\u00f5is lukustatud ning peal oli ka valvesignalisatsioon, mist\u00f5ttu pidi <a rel=\"noopener nofollow\" target=\"_blank\" href=\"https:\/\/www.delfi.ee\/teema\/62561812\/sissemurdmine\" tag-id=\"62561812\">sissemurdmine<\/a> toimuma vaikselt. Lisaks oli isegi seina k\u00fclge kinnitatud seif lahti kistud, mille olemasolust kumbki k\u00fclaline ei teadnud. <\/p>\n<p>Kohalikud v\u00f5imud reageerisid, kuid paari s\u00f5nul ei teinud nad korralikku t\u00f6\u00f6d. L\u00f5pparuandes oli mitu ebat\u00e4psust, mis paari arvates ei olnud t\u00f5esed. N\u00e4iteks kirjutati, et villa polnud korralikult lukus ning alarm polnud sisse l\u00fclitatud. <\/p>\n<p>Paari l\u00e4hedaste allikate s\u00f5nul \u00fctlesid villa ja Bocelli perekonna esindajad, et nad \u201evaadaku ise, kuidas hakkama saavad\u201c, kui nad juhtunust r\u00e4\u00e4kisid ja n\u00f5udsid traumaatilise sissemurdmise eest h\u00fcvitist. Sissetungijad varastasid ligi 500 000 dollari eest vara.<\/p>\n<p>Politsei vaatab \u00fcle linna valvekaamerate salvestisi ja tegeleb s\u00fc\u00fcdlaste tuvastamisega.<\/p>\n<p>Luksulik villa<\/p>\n<p>Tenori perekonnale kuulub piirkonnas mitu maja, millest paari \u00fc\u00fcritakse regulaarselt suveperioodiks j\u00f5ukatele turistidele. Selliste villade hinnad algavad 30 000 eurost. <\/p>\n<p>L\u00e4hedal asuvaid villasid on mitu korda r\u00f6\u00f6vitud. 2018. aastal prooviti sisse murda Forte Dei Marmi rannapromenaadil asuvasse villase, kuid see nurjus t\u00e4nu turvameeste sekkumisele. 2022. aastal r\u00f6\u00f6viti samale omanikule kuuluvat teist villat. <\/p>\n<p>Kuidas see lugu Sind end tundma pani? Saada <a href=\"https:\/\/kroonika.delfi.ee\/artikkel\/120596914\/tuli-keskel-andrea-bocelli-villas-oobinud-kulalisi-rooviti-staartenori-esindaja-palub-oobijatel-ise-hakkama-saada\/kommentaarid\" class=\"article-body-bottom__comment article-body-bottom__comment--write button button--primary button--size-auto\" rel=\"nofollow noopener\" target=\"_blank\"> Kommenteeri <\/a><a href=\"https:\/\/kroonika.delfi.ee\/artikkel\/120596914\/tuli-keskel-andrea-bocelli-villas-oobinud-kulalisi-rooviti-staartenori-esindaja-palub-oobijatel-ise-hakkama-saada\/kommentaarid\" class=\"article-body-bottom__comment article-body-bottom__comment--read button button--size-auto\" rel=\"nofollow noopener\" target=\"_blank\"> Loe kommentaare (1)<\/a><\/p>\n","protected":false},"excerpt":{"rendered":"Ameerika \u00dchendriikidest p\u00e4rit paar langes pulmaeelsel \u00f5htul r\u00f6\u00f6vi ohvriks, kui nende renditud luksusvillasse, mis kuulub Bocelli perekonnale, murti&hellip;\n","protected":false},"author":2,"featured_media":227293,"comment_status":"","ping_status":"","sticky":false,"template":"","format":"standard","meta":{"footnotes":"","_share_on_mastodon":"0"},"categories":[16],"tags":[17230,37,33,35,173,34,36,91802,140,7134],"class_list":["post-227292","post","type-post","status-publish","format-standard","has-post-thumbnail","category-meelelahutus","tag-andrea-bocelli","tag-ee","tag-eesti","tag-eesti-keel","tag-entertainment","tag-estonia","tag-estonian","tag-luksusvillad","tag-meelelahutus","tag-sissemurdmine"],"share_on_mastodon":{"url":"https:\/\/pubeurope.com\/@ee\/116913635739694465","error":""},"_links":{"self":[{"href":"https:\/\/www.europesays.com\/ee\/wp-json\/wp\/v2\/posts\/227292","targetHints":{"allow":["GET"]}}],"collection":[{"href":"https:\/\/www.europesays.com\/ee\/wp-json\/wp\/v2\/posts"}],"about":[{"href":"https:\/\/www.europesays.com\/ee\/wp-json\/wp\/v2\/types\/post"}],"author":[{"embeddable":true,"href":"https:\/\/www.europesays.com\/ee\/wp-json\/wp\/v2\/users\/2"}],"replies":[{"embeddable":true,"href":"https:\/\/www.europesays.com\/ee\/wp-json\/wp\/v2\/comments?post=227292"}],"version-history":[{"count":0,"href":"https:\/\/www.europesays.com\/ee\/wp-json\/wp\/v2\/posts\/227292\/revisions"}],"wp:featuredmedia":[{"embeddable":true,"href":"https:\/\/www.europesays.com\/ee\/wp-json\/wp\/v2\/media\/227293"}],"wp:attachment":[{"href":"https:\/\/www.europesays.com\/ee\/wp-json\/wp\/v2\/media?parent=227292"}],"wp:term":[{"taxonomy":"category","embeddable":true,"href":"https:\/\/www.europesays.com\/ee\/wp-json\/wp\/v2\/categories?post=227292"},{"taxonomy":"post_tag","embeddable":true,"href":"https:\/\/www.europesays.com\/ee\/wp-json\/wp\/v2\/tags?post=227292"}],"curies":[{"name":"wp","href":"https:\/\/api.w.org\/{rel}","templated":true}]}}