{"id":227354,"date":"2026-07-13T18:24:16","date_gmt":"2026-07-13T18:24:16","guid":{"rendered":"https:\/\/www.europesays.com\/ee\/227354\/"},"modified":"2026-07-13T18:24:16","modified_gmt":"2026-07-13T18:24:16","slug":"vaata-jarele-welco-sai-maardus-hooaja-suurima-voidu-laasner-saras-kuue-varavaga-soccernet-ee","status":"publish","type":"post","link":"https:\/\/www.europesays.com\/ee\/227354\/","title":{"rendered":"VAATA J\u00c4RELE: Welco sai Maardus hooaja suurima v\u00f5idu, Laasner s\u00e4ras kuue v\u00e4ravaga &#8211; Soccernet.ee"},"content":{"rendered":"<p>&#13;\n<\/p>\n<p>Esiliiga liider Tartu Welco sai kolme viigi ja kahe kaotuse k\u00f5rvale hooaja 14. v\u00f5idu, alistades v\u00f5\u00f5rsil 8:1 Maardu Linnameeskonna. Kenlou Laasner s\u00e4ras Welco ridades koguni kuue v\u00e4ravaga, kui tegi m\u00f5lemal poolajal k\u00fcbaratriki.<\/p>\n<p>Esiliiga parim v\u00e4ravak\u00fctt Laasner l\u00f5i juba esimesel minutil Welco juhtima, aga Aleksandr Volkov vastas k\u00fcmnendal minutil Maardu eest. Seej\u00e4rel l\u00e4ks Welco oma teed ja tegi Maarduga esimesel poolajal sotid selgeks, kui Laasner skooris kaks korda ja Marko M\u00e4gi korra.&#13;\n<\/p>\n<p>Seega sai Laasner juba esimesel poolajal k\u00fcbaratriki kirja, aga kordas seda ka teisel poolajal, l\u00fc\u00fces Maardule veel kolm ehk kokku kuus v\u00e4ravat. Seejuures ei suutnud Laasner \u00fcleminutitel realiseerida penaltit, aga l\u00f5i tagasip\u00f5rkunud palli siiski v\u00f5rku. Lisaks tegi teisel poolajal korra skoori suvises \u00fcleminekuaknas klubiga liitunud Henri K\u00e4blik.<\/p>\n<p>8:1 on senise Esiliiga hooaja suurim \u00fclekaal. Kaks kohtumist on l\u00f5ppenud \u00fche meeskonna viiev\u00e4ravalise paremusega (Flora U21 &#8211; Welco 1:6, Flora U21 &#8211; Maardu 5:0).&#13;\n<\/p>\n<p>Laasner on k\u00e4imasoleval liigahooajal l\u00f6\u00f6nud 25 v\u00e4ravat, edestades v\u00e4ravak\u00fcttide edetabelis l\u00e4himaid j\u00e4litajaid koguni 12 tabamusega. 13 v\u00e4ravat on l\u00f6\u00f6nud nii Moussa Felix Sambe (FCI Levadia U21), Marten Kukkonen (FC Flora U21) ja Dinars Ekharts (FC Tallinn).&#13;\n<\/p>\n<p>Esiliiga liider Welco on 19 m\u00e4nguga kogunud 45 punkti, edestades m\u00e4ngu v\u00e4hem pidanud Viimsit 13 punktiga. Maardu j\u00e4tkab 23 punktiga kuuendal tabelireal.&#13;<\/p>\n","protected":false},"excerpt":{"rendered":"&#13; Esiliiga liider Tartu Welco sai kolme viigi ja kahe kaotuse k\u00f5rvale hooaja 14. v\u00f5idu, alistades v\u00f5\u00f5rsil 8:1&hellip;\n","protected":false},"author":2,"featured_media":227355,"comment_status":"","ping_status":"","sticky":false,"template":"","format":"standard","meta":{"footnotes":"","_share_on_mastodon":"0"},"categories":[18],"tags":[37,33,35,1466,34,36,949,2464,2470,4106,159,158,1474,1476],"class_list":["post-227354","post","type-post","status-publish","format-standard","has-post-thumbnail","category-sport","tag-ee","tag-eesti","tag-eesti-keel","tag-esiliiga","tag-estonia","tag-estonian","tag-maardu","tag-maardu-linnameeskond","tag-otsepilt","tag-otseulekanne","tag-sport","tag-sports","tag-tartu-jk-welco","tag-welco"],"share_on_mastodon":{"url":"https:\/\/pubeurope.com\/@ee\/116914072161365795","error":""},"_links":{"self":[{"href":"https:\/\/www.europesays.com\/ee\/wp-json\/wp\/v2\/posts\/227354","targetHints":{"allow":["GET"]}}],"collection":[{"href":"https:\/\/www.europesays.com\/ee\/wp-json\/wp\/v2\/posts"}],"about":[{"href":"https:\/\/www.europesays.com\/ee\/wp-json\/wp\/v2\/types\/post"}],"author":[{"embeddable":true,"href":"https:\/\/www.europesays.com\/ee\/wp-json\/wp\/v2\/users\/2"}],"replies":[{"embeddable":true,"href":"https:\/\/www.europesays.com\/ee\/wp-json\/wp\/v2\/comments?post=227354"}],"version-history":[{"count":0,"href":"https:\/\/www.europesays.com\/ee\/wp-json\/wp\/v2\/posts\/227354\/revisions"}],"wp:featuredmedia":[{"embeddable":true,"href":"https:\/\/www.europesays.com\/ee\/wp-json\/wp\/v2\/media\/227355"}],"wp:attachment":[{"href":"https:\/\/www.europesays.com\/ee\/wp-json\/wp\/v2\/media?parent=227354"}],"wp:term":[{"taxonomy":"category","embeddable":true,"href":"https:\/\/www.europesays.com\/ee\/wp-json\/wp\/v2\/categories?post=227354"},{"taxonomy":"post_tag","embeddable":true,"href":"https:\/\/www.europesays.com\/ee\/wp-json\/wp\/v2\/tags?post=227354"}],"curies":[{"name":"wp","href":"https:\/\/api.w.org\/{rel}","templated":true}]}}