{"id":227394,"date":"2026-07-13T19:34:27","date_gmt":"2026-07-13T19:34:27","guid":{"rendered":"https:\/\/www.europesays.com\/ee\/227394\/"},"modified":"2026-07-13T19:34:27","modified_gmt":"2026-07-13T19:34:27","slug":"alates-esmaspaevast-tuleb-toovestluse-eel-palgainfo-avaldada","status":"publish","type":"post","link":"https:\/\/www.europesays.com\/ee\/227394\/","title":{"rendered":"Alates esmasp\u00e4evast tuleb t\u00f6\u00f6vestluse eel palgainfo avaldada"},"content":{"rendered":"<p>&#13;<br \/>\n                                Esmasp\u00e4eval j\u00f5ustuvad t\u00f6\u00f6lepingu seaduse muudatused, mis kohustavad t\u00f6\u00f6andjaid avaldama enne t\u00f6\u00f6vestlust pakutava palga ning keelavad uurida kandidaadi varasema t\u00f6\u00f6tasu kohta.<\/p>\n<p> Palgainfo v\u00f5ib sisalduda t\u00f6\u00f6kuulutuses v\u00f5i edastada kandidaadile muul viisil, n\u00e4iteks e-kirjaga enne t\u00f6\u00f6vestlust. Kui t\u00f6\u00f6tasu tingimused tulenevad kollektiivlepingust, tuleb t\u00f6\u00f6andjal anda teavet ka nende kohta. T\u00f6\u00f6tasu vahemik ei pea h\u00f5lmama lisatasusid, kui need ei tulene kollektiivlepingust.<\/p>\n<p>Seadus s\u00e4testab muuhulgas t\u00f6\u00f6taja \u00f5iguse r\u00e4\u00e4kida oma palgast. T\u00f6\u00f6andja ei v\u00f5i edaspidi takistada t\u00f6\u00f6tajal avalikustamast oma t\u00f6\u00f6tasu suurust ega lisada t\u00f6\u00f6lepingusse tingimusi, mis keelavad palgast r\u00e4\u00e4kimise, viidates&#8230;<br style=\"display: none;\"\/><\/p>\n<p>    Juurdep\u00e4\u00e4s k\u00e4esolevale materjalile on finants- ja \u00f5igusajakirja RUP tellijatel.<\/p>\n<p>      <a target=\"_blank\" class=\"closedcontent-caption__btn closedcontent-caption__btn--primary closedcontent-caption__btn--desktop\" href=\"#login-modal\" role=\"button\" data-toggle=\"sc-modal\">Logi sisse<\/a><\/p>\n<p>v\u00f5i<\/p>\n<p>      <a target=\"_blank\" class=\"closedcontent-caption__btn closedcontent-caption__btn--secondary\" href=\"https:\/\/www.rup.ee\/tellimine\/\" rel=\"nofollow noopener\">Vormista tellimus<\/a><\/p>\n","protected":false},"excerpt":{"rendered":"&#13; Esmasp\u00e4eval j\u00f5ustuvad t\u00f6\u00f6lepingu seaduse muudatused, mis kohustavad t\u00f6\u00f6andjaid avaldama enne t\u00f6\u00f6vestlust pakutava palga ning keelavad uurida kandidaadi&hellip;\n","protected":false},"author":2,"featured_media":227395,"comment_status":"","ping_status":"","sticky":false,"template":"","format":"standard","meta":{"footnotes":"","_share_on_mastodon":"0"},"categories":[5],"tags":[26,27,37,33,35,34,36,31,32,21,28,29,19,52837,1323,25,4544,23,24,22,20,30],"class_list":["post-227394","post","type-post","status-publish","format-standard","has-post-thumbnail","category-uldised-uudised","tag-breaking-news","tag-breakingnews","tag-ee","tag-eesti","tag-eesti-keel","tag-estonia","tag-estonian","tag-featured-news","tag-featurednews","tag-headlines","tag-latest-news","tag-latestnews","tag-news","tag-palgaindeks","tag-palk","tag-populaarseimad-lood","tag-toolepingu-seadus","tag-top-stories","tag-topstories","tag-uldised-uudised","tag-uudised","tag-viimased-uudised"],"share_on_mastodon":{"url":"https:\/\/pubeurope.com\/@ee\/116914347475328350","error":""},"_links":{"self":[{"href":"https:\/\/www.europesays.com\/ee\/wp-json\/wp\/v2\/posts\/227394","targetHints":{"allow":["GET"]}}],"collection":[{"href":"https:\/\/www.europesays.com\/ee\/wp-json\/wp\/v2\/posts"}],"about":[{"href":"https:\/\/www.europesays.com\/ee\/wp-json\/wp\/v2\/types\/post"}],"author":[{"embeddable":true,"href":"https:\/\/www.europesays.com\/ee\/wp-json\/wp\/v2\/users\/2"}],"replies":[{"embeddable":true,"href":"https:\/\/www.europesays.com\/ee\/wp-json\/wp\/v2\/comments?post=227394"}],"version-history":[{"count":0,"href":"https:\/\/www.europesays.com\/ee\/wp-json\/wp\/v2\/posts\/227394\/revisions"}],"wp:featuredmedia":[{"embeddable":true,"href":"https:\/\/www.europesays.com\/ee\/wp-json\/wp\/v2\/media\/227395"}],"wp:attachment":[{"href":"https:\/\/www.europesays.com\/ee\/wp-json\/wp\/v2\/media?parent=227394"}],"wp:term":[{"taxonomy":"category","embeddable":true,"href":"https:\/\/www.europesays.com\/ee\/wp-json\/wp\/v2\/categories?post=227394"},{"taxonomy":"post_tag","embeddable":true,"href":"https:\/\/www.europesays.com\/ee\/wp-json\/wp\/v2\/tags?post=227394"}],"curies":[{"name":"wp","href":"https:\/\/api.w.org\/{rel}","templated":true}]}}