{"id":227471,"date":"2026-07-13T22:48:35","date_gmt":"2026-07-13T22:48:35","guid":{"rendered":"https:\/\/www.europesays.com\/ee\/227471\/"},"modified":"2026-07-13T22:48:35","modified_gmt":"2026-07-13T22:48:35","slug":"luup-peale-rumal-punane-loi-sveitsil-jalad-alt-argentinast-sai-fifa-unelma-viimane-pusletukk-soccernet-ee","status":"publish","type":"post","link":"https:\/\/www.europesays.com\/ee\/227471\/","title":{"rendered":"Luup peale | Rumal punane l\u00f5i \u0160veitsil jalad alt, Argentinast sai FIFA unelma viimane puslet\u00fckk &#8211; Soccernet.ee"},"content":{"rendered":"<p><img decoding=\"async\" src=\"https:\/\/www.europesays.com\/ee\/wp-content\/uploads\/2026\/07\/1783820290.jpg\" alt=\"Leandro Paredes puges Breel Embolole otsustavalt naha vahele. Foto: Scanpix \/ Ed Zurga \/ AP Photo\"\/>&#13;\n<\/p>\n<p>K\u00fcmnemeheline \u0160veitsi koondis surus Argentina lisaajale, kuid ei pidanud siiski l\u00f5puni vastu, nii et MM-i poolfinaalides saavad kokku FIFA edetabeli neli esimest koondist.\u00a0<\/p>\n<p>Veerandfinaal Kansases algas v\u00f5rdselt, aga enne k\u00fcmne minuti t\u00e4itumist teenis Argentina kaks nurgal\u00f6\u00f6ki j\u00e4rjest ning Lionel Messi teine katse leidis viiekastijoonelt Alexis Mac Allisteri, kes suunas peal\u00f6\u00f6gi tagaposti k\u00f5rvale &#8211; 1:0! \u0160veits oli sunnitud r\u00fcndama, kuid teenitud standardolukorrad ei toonud tulu ning kui Breel Embolo oli kord m\u00e4nguliselt l\u00e4bi p\u00e4\u00e4semas, siis klaaris olukorra v\u00e4ravast v\u00e4lja tormanud Emiliano Martinez.&#13;\n<\/p>\n<p>Argentina kaitses edu eeskujulikult kuni teise poolaja keskpaigani, mil \u0160veitsil hakkasid l\u00f5puks v\u00f5imalused tekkima ja 67. minutil paigutaski Dan Ndoye\u00a0terava nurga alt palli Martinezest l\u00e4bi &#8211; 1:1! Paraku rauges \u0160veitsi hoog peagi rumalal p\u00f5hjusel, sest Embolo teenis sukeldumise eest oma teise kollase kaardi ja lahkus pisarates v\u00e4ljakult &#8211; 11 vs. 10!&#13;\n<\/p>\n<p>Argentina asus isukalt r\u00fcndama, aga ei suutnud end lisaajast s\u00e4\u00e4sta.\u00a0Gregor Kobel j\u00e4ttis pika ninaga Messi ja Lisandro Martineze, Mac Allister ei saanud ise palli postide vahele. Lisaaeg algas samas vaimus, vahetusest sekkunud\u00a0Thiago Almada kaugl\u00f6\u00f6k riivas isegi posti, kuid siis kuivasid v\u00f5imalused j\u00e4rsku kokku.<\/p>\n<p>Juhtuma hakkas uuesti alles p\u00e4rast 110 minuti t\u00e4itumist &#8211; k\u00f5igepealt t\u00f5rjus Kobel Messi kaugl\u00f6\u00f6gi, seej\u00e4rel j\u00e4i aga isegi tema v\u00f5imetuks Julian Alvarezi sooritusele, mis lendas t\u00e4pselt ristnurka &#8211; 2:1! L\u00f5ppseisu vormistas kiirr\u00fcnnakul Lautaro Martinez &#8211; 3:1.&#13;\n<\/p>\n<blockquote class=\"twitter-tweet\"><p>&#13;<\/p>\n<p lang=\"en\" dir=\"ltr\">4 &#8211; Four of Juli\u00e1n Alvarez\u2019s five career FIFA World Cup goals have been scored in the knockout rounds, tied with Diego Maradona for the second-most by an Argentinian player behind only Lionel Messi (7).<\/p>\n<p>Timely. <a href=\"https:\/\/t.co\/0r6W7npZiQ\" rel=\"nofollow\">pic.twitter.com\/0r6W7npZiQ<\/a>&#13;<br \/>\n\u2014 OptaJoe (@OptaJoe) <a href=\"https:\/\/x.com\/OptaJoe\/status\/2076153050335469602?ref_src=twsrc%5Etfw\" rel=\"nofollow\">July 12, 2026<\/a><\/p>\n<\/blockquote>\n<p>Soccernet.ee t\u00e4helepanekud:&#13;\n<\/p>\n<p>1. Karm palk pettuse eest&#13;\n<\/p>\n<p>\u0160veits oli just viigiv\u00e4rava k\u00e4tte saanud ning m\u00e4ngu saatus n\u00e4is t\u00e4iesti lahtisena, kui Breel Embolo oma meeskonda lubamatult alt vedas. Seejuures \u00f5nnestus tal Portugali peakohtunik\u00a0Joao Pinheiro \u00e4ra petta, sest esimene otsus oli kollane kaart Leandro Paredesele.<\/p>\n<p>Kordused aga kinnitasid, et r\u00fcndaja viskas jalad alt t\u00e4iesti omaalgatuslikult, ning sellest finaalturniirist alates on VAR-il \u00f5igus peakohtunik ekraani juurde kutsuda, kui kollane kaart on simuleerimise tulemus. Just nii l\u00e4kski, kaart vahetas omanikku ning Embolo v\u00f5idukast duellist sai hoobilt piinlik ja andestamatu prohmakas, mis sundis teda pisarates v\u00e4ljakult lahkuma.&#13;\n<\/p>\n<p>2. Lisaaja kuningad&#13;\n<\/p>\n<p>Kuigi lisaajani j\u00f5udmine oli selleks hetkeks v\u00e4ike v\u00f5it \u0160veitsi jaoks, oli ka selge, et neil saab olema v\u00e4ga raske seal vastu pidada. Siiski saadi hakkama t\u00e4itsa viisakalt, 5-3-1 asetuses langeti paanikata s\u00fcgavale kaitsesse ja mida aeg edasi, seda v\u00e4hem leidsid argentiinlased sealt pilusid.&#13;\n<\/p>\n<p>Ometi ei pidanud \u0161veitslased l\u00f5puni vastu ning kui kaas pealt lendas ja m\u00e4ng lahtiseks tuli muuta, siis karistas Argentina neid veel. Argentiinlased m\u00e4ngisid MM-idel lisaaega rekordiliselt 13. korda, kusjuures edasi on p\u00e4\u00e4setud neist koguni 11 korda.<\/p>\n<blockquote class=\"twitter-tweet\"><p>&#13;<\/p>\n<p lang=\"en\" dir=\"ltr\">11 &#8211; Argentina have emerged as winners (including penalty shoot-out wins) in 11 of their 13 extra-time matches in the FIFA World Cup.<\/p>\n<p>Experience. <a href=\"https:\/\/t.co\/sHdRLyqP8o\" rel=\"nofollow\">pic.twitter.com\/sHdRLyqP8o<\/a>&#13;<br \/>\n\u2014 OptaJoe (@OptaJoe) <a href=\"https:\/\/x.com\/OptaJoe\/status\/2076151258348507600?ref_src=twsrc%5Etfw\" rel=\"nofollow\">July 12, 2026<\/a><\/p>\n<\/blockquote>\n<p>3. V\u00f5tmem\u00e4ngija &#8211; Leandro Paredes&#13;\n<\/p>\n<p>Breel Embolo punane kaart ei s\u00fcndinud t\u00fchjast kohast. Argentina number kuus n\u00e4itas vastaste f\u00fc\u00fcsilise ja vaimse t\u00f6\u00f6tlemise meistriklassi, tehes teistele ise haiget, v\u00f5imendades igat enda vastu tulnud hoopi ning kehtestades end pidevalt verbaalselt.<\/p>\n<p>Paredesel \u00f5nnestus Embolole naha vahele pugeda ning juba esimesel poolajal teenis \u0160veitsi r\u00fcndaja esimese kaardi, minnes just Paredesele tagasi tegema. Vahetult enne saatuslikuks saanud konflikti oli Paredes samuti \u0161veitslastele haiget teinud, aga Embolo katse talle k\u00e4tte maksta l\u00e4ks \u00fcle piiri ja tulistas teda ennast jalga.&#13;\n<\/p>\n<p>4. Unelmate poolfinaalid?&#13;\n<\/p>\n<p>FIFA paigutas neli suurimat soosikut alagruppidesse niiviisi, et grupiv\u00f5idu korral ei satuks nad omavahel vastamisi enne kui alles poolfinaalides. Juhtus nii, et Argentina (FIFA tabeli 1.), Hispaania (2.), Prantsusmaa (3.) ja Inglismaa (4.) v\u00f5itsidki k\u00f5ik oma alagrupid, l\u00e4bisid puhtalt veel kolm ringi ning hakkavad n\u00fc\u00fcd isekeskis maailmameistrit selgitama!&#13;\n<\/p>\n<p>Korraldajate jaoks on see m\u00f5istagi unelmate stsenaarium, kui k\u00f5ige suuremad jalgpalliriigid oma supert\u00e4htedega v\u00f5imalikult kaugele j\u00f5uavad ja kogu maailma telerite ette naelutavad. Jalgpallis\u00f5brad soovinuks aga ilmselt poolfinaalidesse ka m\u00f5nda suur\u00fcllatajat, kes h\u00f5rgutavale salatile natuke omap\u00e4rasemat v\u00fcrtsi lisaks?<\/p>\n<blockquote class=\"twitter-tweet\"><p>&#13;<\/p>\n<p lang=\"en\" dir=\"ltr\">For the first time in World Cup history, the semi-finals will be contested by the four highest rated sides from the FIFA rankings: <\/p>\n<p>\ud83c\uddeb\ud83c\uddf7 France (1) vs Spain (3) \ud83c\uddea\ud83c\uddf8<br \/>&#13;<br \/>\n\ud83c\udde6\ud83c\uddf7 Argentina (2) vs England (4) \ud83c\udff4\udb40\udc67\udb40\udc62\udb40\udc65\udb40\udc6e\udb40\udc67\udb40\udc7f<\/p>\n<p>Cream rises to the top. \ud83d\udd1d <a href=\"https:\/\/t.co\/7AVL3oBEZf\" rel=\"nofollow\">pic.twitter.com\/7AVL3oBEZf<\/a>&#13;<br \/>\n\u2014 Squawka (@Squawka) <a href=\"https:\/\/x.com\/Squawka\/status\/2076152043232772218?ref_src=twsrc%5Etfw\" rel=\"nofollow\">July 12, 2026<\/a><\/p>\n<\/blockquote>\n<p>5. Argentina v\u00f5i Euroopa pidu?&#13;\n<\/p>\n<p>Argentina on viimane mitte-Euroopa koondis, mis veel konkurentsis p\u00fcsib, kuid senised m\u00e4ngud sel turniiril viitavad sellele, et l\u00f5unaameeriklased saavad sisuliselt nautida koduv\u00e4ljakueelist. Ka Kansase trib\u00fc\u00fcnid v\u00e4rvusid \u00fclekaalukalt sinivalgesse ning Argentina tegemisi saatis lakkamatu kaasaelamine.&#13;\n<\/p>\n<p>J\u00e4rgmiseks ootab Argentinat Atlantas ees Inglismaa ning siis kas finaal New Jerseys v\u00f5i pronksim\u00e4ng Miamis.\u00a0&#13;\n<\/p>\n<p><script async src=\"https:\/\/platform.twitter.com\/widgets.js\" charset=\"utf-8\"><\/script><\/p>\n","protected":false},"excerpt":{"rendered":"&#13; K\u00fcmnemeheline \u0160veitsi koondis surus Argentina lisaajale, kuid ei pidanud siiski l\u00f5puni vastu, nii et MM-i poolfinaalides saavad&hellip;\n","protected":false},"author":2,"featured_media":227472,"comment_status":"","ping_status":"","sticky":false,"template":"","format":"standard","meta":{"footnotes":"","_share_on_mastodon":"0"},"categories":[18],"tags":[5000,91844,37,33,35,91845,34,36,91846,1725,1726,6890,91847,159,158,4588,698],"class_list":["post-227471","post","type-post","status-publish","format-standard","has-post-thumbnail","category-sport","tag-argentina","tag-breel-embolo","tag-ee","tag-eesti","tag-eesti-keel","tag-embolo","tag-estonia","tag-estonian","tag-leandro-paredes","tag-luup","tag-luup-peale","tag-mm2026","tag-paredes","tag-sport","tag-sports","tag-sveits","tag-ulevaade"],"share_on_mastodon":{"url":"https:\/\/pubeurope.com\/@ee\/116915110544169232","error":""},"_links":{"self":[{"href":"https:\/\/www.europesays.com\/ee\/wp-json\/wp\/v2\/posts\/227471","targetHints":{"allow":["GET"]}}],"collection":[{"href":"https:\/\/www.europesays.com\/ee\/wp-json\/wp\/v2\/posts"}],"about":[{"href":"https:\/\/www.europesays.com\/ee\/wp-json\/wp\/v2\/types\/post"}],"author":[{"embeddable":true,"href":"https:\/\/www.europesays.com\/ee\/wp-json\/wp\/v2\/users\/2"}],"replies":[{"embeddable":true,"href":"https:\/\/www.europesays.com\/ee\/wp-json\/wp\/v2\/comments?post=227471"}],"version-history":[{"count":0,"href":"https:\/\/www.europesays.com\/ee\/wp-json\/wp\/v2\/posts\/227471\/revisions"}],"wp:featuredmedia":[{"embeddable":true,"href":"https:\/\/www.europesays.com\/ee\/wp-json\/wp\/v2\/media\/227472"}],"wp:attachment":[{"href":"https:\/\/www.europesays.com\/ee\/wp-json\/wp\/v2\/media?parent=227471"}],"wp:term":[{"taxonomy":"category","embeddable":true,"href":"https:\/\/www.europesays.com\/ee\/wp-json\/wp\/v2\/categories?post=227471"},{"taxonomy":"post_tag","embeddable":true,"href":"https:\/\/www.europesays.com\/ee\/wp-json\/wp\/v2\/tags?post=227471"}],"curies":[{"name":"wp","href":"https:\/\/api.w.org\/{rel}","templated":true}]}}