{"id":227475,"date":"2026-07-13T23:11:11","date_gmt":"2026-07-13T23:11:11","guid":{"rendered":"https:\/\/www.europesays.com\/ee\/227475\/"},"modified":"2026-07-13T23:11:11","modified_gmt":"2026-07-13T23:11:11","slug":"see-prantsuse-moebrand-disainis-ralliauto-usna-nunnu-kukkus-valja","status":"publish","type":"post","link":"https:\/\/www.europesays.com\/ee\/227475\/","title":{"rendered":"See Prantsuse moebr\u00e4nd disainis ralliauto \u2013 \u00fcsna nunnu kukkus v\u00e4lja"},"content":{"rendered":"<p>Prantsuse br\u00e4ndid Alpine ja Lacoste esitlesid koost\u00f6\u00f6s s\u00fcndinud elektrilist luukp\u00e4ra A290 Rallye. Kuigi auto v\u00e4lis- ja sisedisainis domineerib moemaja s\u00fcmboolika, on s\u00f5iduki mehaaniline pool j\u00e4\u00e4nud muutmata: masinal on 220-hobuj\u00f5uline elektrimootor, spetsiaalne ALP Racing vedrustus ja 52 kWh akupakk. Kuigi antud erimudel tootmisse ei j\u00f5ua, n\u00e4itab see tootjate n\u00e4gemust stiili ja elektrilise autospordi \u00fchendamisest.<\/p>\n","protected":false},"excerpt":{"rendered":"Prantsuse br\u00e4ndid Alpine ja Lacoste esitlesid koost\u00f6\u00f6s s\u00fcndinud elektrilist luukp\u00e4ra A290 Rallye. Kuigi auto v\u00e4lis- ja sisedisainis domineerib&hellip;\n","protected":false},"author":2,"featured_media":227476,"comment_status":"","ping_status":"","sticky":false,"template":"","format":"standard","meta":{"footnotes":"","_share_on_mastodon":"0"},"categories":[14],"tags":[1164,91850,131,130,37,33,35,33990,34,36,91849,5573],"class_list":["post-227475","post","type-post","status-publish","format-standard","has-post-thumbnail","category-ari","tag-alpine","tag-alpine-cars","tag-ari","tag-business","tag-ee","tag-eesti","tag-eesti-keel","tag-elektrisoiduk","tag-estonia","tag-estonian","tag-lacoste","tag-ralliauto"],"share_on_mastodon":{"url":"https:\/\/pubeurope.com\/@ee\/116915200636486071","error":""},"_links":{"self":[{"href":"https:\/\/www.europesays.com\/ee\/wp-json\/wp\/v2\/posts\/227475","targetHints":{"allow":["GET"]}}],"collection":[{"href":"https:\/\/www.europesays.com\/ee\/wp-json\/wp\/v2\/posts"}],"about":[{"href":"https:\/\/www.europesays.com\/ee\/wp-json\/wp\/v2\/types\/post"}],"author":[{"embeddable":true,"href":"https:\/\/www.europesays.com\/ee\/wp-json\/wp\/v2\/users\/2"}],"replies":[{"embeddable":true,"href":"https:\/\/www.europesays.com\/ee\/wp-json\/wp\/v2\/comments?post=227475"}],"version-history":[{"count":0,"href":"https:\/\/www.europesays.com\/ee\/wp-json\/wp\/v2\/posts\/227475\/revisions"}],"wp:featuredmedia":[{"embeddable":true,"href":"https:\/\/www.europesays.com\/ee\/wp-json\/wp\/v2\/media\/227476"}],"wp:attachment":[{"href":"https:\/\/www.europesays.com\/ee\/wp-json\/wp\/v2\/media?parent=227475"}],"wp:term":[{"taxonomy":"category","embeddable":true,"href":"https:\/\/www.europesays.com\/ee\/wp-json\/wp\/v2\/categories?post=227475"},{"taxonomy":"post_tag","embeddable":true,"href":"https:\/\/www.europesays.com\/ee\/wp-json\/wp\/v2\/tags?post=227475"}],"curies":[{"name":"wp","href":"https:\/\/api.w.org\/{rel}","templated":true}]}}