{"id":227479,"date":"2026-07-13T23:14:12","date_gmt":"2026-07-13T23:14:12","guid":{"rendered":"https:\/\/www.europesays.com\/ee\/227479\/"},"modified":"2026-07-13T23:14:12","modified_gmt":"2026-07-13T23:14:12","slug":"eesti-u20-kasipallikoondis-kaotas-emil-hollandile","status":"publish","type":"post","link":"https:\/\/www.europesays.com\/ee\/227479\/","title":{"rendered":"Eesti U20 k\u00e4sipallikoondis kaotas EMil Hollandile"},"content":{"rendered":"<p>Kohe m\u00e4ngu alguses tagaajaja rolli j\u00e4\u00e4nud Eesti leidis k\u00fcll teisel poolajal oma r\u00fctmi, kuid ei suutnud Hollandi poolt kohtumise esimeses pooles saavutatud edu v\u00e4hendada.<\/p>\n<p>\u201eJ\u00e4ime kohe alguses Hollandi rongi alla. Kaitses seatud kokkulepped ei pidanud. Olime uimased ja ebakindlad, vastased survestasid meid r\u00fcnnakul k\u00f5vasti,\u201c kommenteeris Eesti noormeeste treener Kaimar Lees Eesti k\u00e4sipalliliidu pressiteate vahendusel.<\/p>\n<p>Treeneri s\u00f5nul j\u00e4i kontaktist ja tahtmisest kaitses selgelt puudu ning r\u00fcnnakul oldi h\u00e4das kohtade v\u00e4lja m\u00e4ngimise ja realiseerimisega. <\/p>\n<p>\u201eKaks t\u00e4iesti erinevat p\u00e4eva v\u00f5rreldes eilse Itaalia m\u00e4nguga, just emotsionaalse ja v\u00f5itluslikkuse poolest. Au vastasele! \u00d5htusel koosolekul peame tegema selged korrektuurid ja j\u00e4rgmisteks vastasteks agressiivsemalt alguses ja kogu m\u00e4ngu v\u00e4ltel valmis olema. M\u00e4nge veel ees palju. Elu l\u00e4heb edasi, hoiame pead p\u00fcsti ja vaimu tugevamana,\u201c anal\u00fc\u00fcsis Lees kohtumist ja edasist tegevusplaani.<\/p>\n<p>Kohtumises Hollandiga said Eesti eest v\u00e4rava kirja Oskar Luks, Markus Leidsaar, Henri Markus Takkis, Martin Kikkas (k\u00f5ik 3), Karlis Kalk, Markus Arik, Martin Lepik (k\u00f5ik 2), Airon Saarna, Jaan Pirk, Andre Ansip, Jasper Arnover, Jass Einassoo (k\u00f5ik 1).<\/p>\n<p>\u00dclehomme kohtub Eesti turniiri v\u00f5\u00f5rustaja Kosovoga.<\/p>\n<p>Kuidas see lugu Sind end tundma pani? Saada <a href=\"https:\/\/sport.delfi.ee\/artikkel\/120596980\/eesti-u20-kasipallikoondis-kaotas-emil-hollandile\/kommentaarid\" class=\"article-body-bottom__comment article-body-bottom__comment--write button button--primary button--size-auto\" rel=\"nofollow noopener\" target=\"_blank\"> Kommenteeri <\/a><a href=\"https:\/\/sport.delfi.ee\/artikkel\/120596980\/eesti-u20-kasipallikoondis-kaotas-emil-hollandile\/kommentaarid\" class=\"article-body-bottom__comment article-body-bottom__comment--read button button--size-auto\" rel=\"nofollow noopener\" target=\"_blank\"> Loe kommentaare <\/a><\/p>\n","protected":false},"excerpt":{"rendered":"Kohe m\u00e4ngu alguses tagaajaja rolli j\u00e4\u00e4nud Eesti leidis k\u00fcll teisel poolajal oma r\u00fctmi, kuid ei suutnud Hollandi poolt&hellip;\n","protected":false},"author":2,"featured_media":227480,"comment_status":"","ping_status":"","sticky":false,"template":"","format":"standard","meta":{"footnotes":"","_share_on_mastodon":"0"},"categories":[5],"tags":[26,27,37,33,35,34,36,31,32,21,3019,28,29,19,25,23,24,22,20,30],"class_list":["post-227479","post","type-post","status-publish","format-standard","has-post-thumbnail","category-uldised-uudised","tag-breaking-news","tag-breakingnews","tag-ee","tag-eesti","tag-eesti-keel","tag-estonia","tag-estonian","tag-featured-news","tag-featurednews","tag-headlines","tag-kasipall","tag-latest-news","tag-latestnews","tag-news","tag-populaarseimad-lood","tag-top-stories","tag-topstories","tag-uldised-uudised","tag-uudised","tag-viimased-uudised"],"share_on_mastodon":{"url":"https:\/\/pubeurope.com\/@ee\/116915212466502306","error":""},"_links":{"self":[{"href":"https:\/\/www.europesays.com\/ee\/wp-json\/wp\/v2\/posts\/227479","targetHints":{"allow":["GET"]}}],"collection":[{"href":"https:\/\/www.europesays.com\/ee\/wp-json\/wp\/v2\/posts"}],"about":[{"href":"https:\/\/www.europesays.com\/ee\/wp-json\/wp\/v2\/types\/post"}],"author":[{"embeddable":true,"href":"https:\/\/www.europesays.com\/ee\/wp-json\/wp\/v2\/users\/2"}],"replies":[{"embeddable":true,"href":"https:\/\/www.europesays.com\/ee\/wp-json\/wp\/v2\/comments?post=227479"}],"version-history":[{"count":0,"href":"https:\/\/www.europesays.com\/ee\/wp-json\/wp\/v2\/posts\/227479\/revisions"}],"wp:featuredmedia":[{"embeddable":true,"href":"https:\/\/www.europesays.com\/ee\/wp-json\/wp\/v2\/media\/227480"}],"wp:attachment":[{"href":"https:\/\/www.europesays.com\/ee\/wp-json\/wp\/v2\/media?parent=227479"}],"wp:term":[{"taxonomy":"category","embeddable":true,"href":"https:\/\/www.europesays.com\/ee\/wp-json\/wp\/v2\/categories?post=227479"},{"taxonomy":"post_tag","embeddable":true,"href":"https:\/\/www.europesays.com\/ee\/wp-json\/wp\/v2\/tags?post=227479"}],"curies":[{"name":"wp","href":"https:\/\/api.w.org\/{rel}","templated":true}]}}