{"id":227491,"date":"2026-07-13T23:35:28","date_gmt":"2026-07-13T23:35:28","guid":{"rendered":"https:\/\/www.europesays.com\/ee\/227491\/"},"modified":"2026-07-13T23:35:28","modified_gmt":"2026-07-13T23:35:28","slug":"vihm-uletas-kumne-paevaga-terve-kuu-normi","status":"publish","type":"post","link":"https:\/\/www.europesays.com\/ee\/227491\/","title":{"rendered":"Vihm \u00fcletas k\u00fcmne p\u00e4evaga terve kuu normi"},"content":{"rendered":"<p class=\"MsoNormal\">Keskkonnaagentuuri kliimaosakonna juhtivspetsialisti K\u00fclli Loodla s\u00f5nul m\u00f5\u00f5tis Viljandi ilmajaam heinakuu esimese k\u00fcmne p\u00e4eva sadamete hulgaks 71,8 millimeetrit, samas kui aastak\u00fcmnete jooksul on tavap\u00e4raseks keskmiseks kujunenud 27 millimeetrit. Seega t\u00e4itus dekaadi norm 266 protsendi ulatuses.<\/p>\n<p class=\"MsoNormal\">Loodla lausus, et k\u00f5nealune hulk sademeid m\u00f5\u00f5deti tegelikult \u00fcheksa p\u00e4evaga, sest 10. juulil Viljandi ilmajaam sademeid ei registreerinud. Viljandi terve juuli norm on 75,5 millimeetrit ja n\u00f5nda on seegi piir \u00fcletatud, samas kui \u00fcle poole kuu on veel ees.<\/p>\n<p class=\"MsoNormal\">\u00abPikas vaatlusreas ehk 1906. aastast on Viljandi juuli esimene dekaad olnud veel sajusem vaid kolmel aastal,\u00bb m\u00e4rkis Loodla. \u00ab2003. aastal oli esimese k\u00fcmne p\u00e4eva saju hulk 125,5 millimeetrit, mis on seni ka rekord. Teisel kohal on 1978. aasta 83,4 millimeetri ja kolmandal 1956. aasta 73,6 millimeetriga.\u00bb<\/p>\n<p class=\"MsoNormal\">K\u00f5ige soojem oli Viljandis heinakuu esimese k\u00fcmne p\u00e4eva jooksul 1. juulil, mil \u00f5hutemperatuur kerkis 25,2 kraadini, ja k\u00f5ige jahedam 7. juuli varahommikul, mil \u00f5husoe alanes 8,5 p\u00fcgalani. Dekaadi keskmine \u00f5hutemperatuur oli 15,8 kraadi, mis on aga 1,4 kraadi v\u00f5rra normist madalam.<\/p>\n<p class=\"MsoNormal\">Mujal Eestis m\u00f5\u00f5tis juuli esimese k\u00fcmne p\u00e4evaga k\u00f5ige enam sademeid P\u00e4rnumaal Saarde vallas asuv Laadi h\u00fcdromeetriajaam: 156,2 millimeetrit. K\u00f5ige v\u00e4hem tuli vihma Hiiumaal Ristnas: 17,7 millimeetrit.<\/p>\n","protected":false},"excerpt":{"rendered":"Keskkonnaagentuuri kliimaosakonna juhtivspetsialisti K\u00fclli Loodla s\u00f5nul m\u00f5\u00f5tis Viljandi ilmajaam heinakuu esimese k\u00fcmne p\u00e4eva sadamete hulgaks 71,8 millimeetrit, samas&hellip;\n","protected":false},"author":2,"featured_media":227492,"comment_status":"","ping_status":"","sticky":false,"template":"","format":"standard","meta":{"footnotes":"","_share_on_mastodon":"0"},"categories":[12],"tags":[26,27,37,33,35,34,36,31,32,21,668,28,29,19,25,23,24,22,20,4324,30],"class_list":["post-227491","post","type-post","status-publish","format-standard","has-post-thumbnail","category-eesti","tag-breaking-news","tag-breakingnews","tag-ee","tag-eesti","tag-eesti-keel","tag-estonia","tag-estonian","tag-featured-news","tag-featurednews","tag-headlines","tag-ilm","tag-latest-news","tag-latestnews","tag-news","tag-populaarseimad-lood","tag-top-stories","tag-topstories","tag-uldised-uudised","tag-uudised","tag-vihm","tag-viimased-uudised"],"share_on_mastodon":{"url":"https:\/\/pubeurope.com\/@ee\/116915294834700604","error":""},"_links":{"self":[{"href":"https:\/\/www.europesays.com\/ee\/wp-json\/wp\/v2\/posts\/227491","targetHints":{"allow":["GET"]}}],"collection":[{"href":"https:\/\/www.europesays.com\/ee\/wp-json\/wp\/v2\/posts"}],"about":[{"href":"https:\/\/www.europesays.com\/ee\/wp-json\/wp\/v2\/types\/post"}],"author":[{"embeddable":true,"href":"https:\/\/www.europesays.com\/ee\/wp-json\/wp\/v2\/users\/2"}],"replies":[{"embeddable":true,"href":"https:\/\/www.europesays.com\/ee\/wp-json\/wp\/v2\/comments?post=227491"}],"version-history":[{"count":0,"href":"https:\/\/www.europesays.com\/ee\/wp-json\/wp\/v2\/posts\/227491\/revisions"}],"wp:featuredmedia":[{"embeddable":true,"href":"https:\/\/www.europesays.com\/ee\/wp-json\/wp\/v2\/media\/227492"}],"wp:attachment":[{"href":"https:\/\/www.europesays.com\/ee\/wp-json\/wp\/v2\/media?parent=227491"}],"wp:term":[{"taxonomy":"category","embeddable":true,"href":"https:\/\/www.europesays.com\/ee\/wp-json\/wp\/v2\/categories?post=227491"},{"taxonomy":"post_tag","embeddable":true,"href":"https:\/\/www.europesays.com\/ee\/wp-json\/wp\/v2\/tags?post=227491"}],"curies":[{"name":"wp","href":"https:\/\/api.w.org\/{rel}","templated":true}]}}