{"id":227515,"date":"2026-07-14T01:04:25","date_gmt":"2026-07-14T01:04:25","guid":{"rendered":"https:\/\/www.europesays.com\/ee\/227515\/"},"modified":"2026-07-14T01:04:25","modified_gmt":"2026-07-14T01:04:25","slug":"eesti-uhineb-euroopa-pakendituru-uute-reeglitega-2","status":"publish","type":"post","link":"https:\/\/www.europesays.com\/ee\/227515\/","title":{"rendered":"Eesti \u00fchineb Euroopa pakendituru uute reeglitega"},"content":{"rendered":"<p>&#13;<br \/>\n                                Kliimaministeerium saatis koosk\u00f5lastusele eeln\u00f5u, mille eesm\u00e4rk on v\u00e4hendada pakendij\u00e4\u00e4tmete teket ning suurendada nende ringlussev\u00f5ttu. \u00a0\u00a0<\/p>\n<p>\u201eEuroopa pakendim\u00e4\u00e4rus j\u00f5ustub juba kuu aja p\u00e4rast ja n\u00fc\u00fcd on aeg Eesti \u00f5igusruum sellega koosk\u00f5lla viia. Kui pakendim\u00e4\u00e4rus tagab, et pakendid oleksid inimeste tervisele ohutumad ning neid oleks v\u00f5imalik ringlusse v\u00f5tta, siis j\u00e4\u00e4tmereform tagab omakorda nende kvaliteetse liigiti kogumise, et need j\u00f5uaksid t\u00f6\u00f6stusesse.<\/p>\n<p>K\u00fcmnendi l\u00f5puks j\u00f5uavad Euroopa Liidu turule \u00fcksnes pakendid, mida saab ringlusse v\u00f5tta ning \u00fcha rohkem neist sisaldavad teise ringi materjali,\u201c lausus kliimaministeeriumi pakendite valdkonnajuht Dagny Repp.\u00a0<\/p>\n<p>Uued reeglid v\u00e4hendavad&#8230;<br style=\"display: none;\"\/><\/p>\n<p>    Juurdep\u00e4\u00e4s k\u00e4esolevale materjalile on finants- ja \u00f5igusajakirja RUP tellijatel.<\/p>\n<p>      <a target=\"_blank\" class=\"closedcontent-caption__btn closedcontent-caption__btn--primary closedcontent-caption__btn--desktop\" href=\"#login-modal\" role=\"button\" data-toggle=\"sc-modal\">Logi sisse<\/a><\/p>\n<p>v\u00f5i<\/p>\n<p>      <a target=\"_blank\" class=\"closedcontent-caption__btn closedcontent-caption__btn--secondary\" href=\"https:\/\/www.rup.ee\/tellimine\/\" rel=\"nofollow noopener\">Vormista tellimus<\/a><\/p>\n","protected":false},"excerpt":{"rendered":"&#13; Kliimaministeerium saatis koosk\u00f5lastusele eeln\u00f5u, mille eesm\u00e4rk on v\u00e4hendada pakendij\u00e4\u00e4tmete teket ning suurendada nende ringlussev\u00f5ttu. \u00a0\u00a0 \u201eEuroopa pakendim\u00e4\u00e4rus&hellip;\n","protected":false},"author":2,"featured_media":227516,"comment_status":"","ping_status":"","sticky":false,"template":"","format":"standard","meta":{"footnotes":"","_share_on_mastodon":"0"},"categories":[5],"tags":[26,27,37,2707,33,35,34,36,31,32,21,3081,28,29,19,91858,25,23,24,22,20,30],"class_list":["post-227515","post","type-post","status-publish","format-standard","has-post-thumbnail","category-uldised-uudised","tag-breaking-news","tag-breakingnews","tag-ee","tag-eelnou","tag-eesti","tag-eesti-keel","tag-estonia","tag-estonian","tag-featured-news","tag-featurednews","tag-headlines","tag-kliimaministeerium","tag-latest-news","tag-latestnews","tag-news","tag-pakenditurg","tag-populaarseimad-lood","tag-top-stories","tag-topstories","tag-uldised-uudised","tag-uudised","tag-viimased-uudised"],"share_on_mastodon":{"url":"https:\/\/pubeurope.com\/@ee\/116915645046072758","error":""},"_links":{"self":[{"href":"https:\/\/www.europesays.com\/ee\/wp-json\/wp\/v2\/posts\/227515","targetHints":{"allow":["GET"]}}],"collection":[{"href":"https:\/\/www.europesays.com\/ee\/wp-json\/wp\/v2\/posts"}],"about":[{"href":"https:\/\/www.europesays.com\/ee\/wp-json\/wp\/v2\/types\/post"}],"author":[{"embeddable":true,"href":"https:\/\/www.europesays.com\/ee\/wp-json\/wp\/v2\/users\/2"}],"replies":[{"embeddable":true,"href":"https:\/\/www.europesays.com\/ee\/wp-json\/wp\/v2\/comments?post=227515"}],"version-history":[{"count":0,"href":"https:\/\/www.europesays.com\/ee\/wp-json\/wp\/v2\/posts\/227515\/revisions"}],"wp:featuredmedia":[{"embeddable":true,"href":"https:\/\/www.europesays.com\/ee\/wp-json\/wp\/v2\/media\/227516"}],"wp:attachment":[{"href":"https:\/\/www.europesays.com\/ee\/wp-json\/wp\/v2\/media?parent=227515"}],"wp:term":[{"taxonomy":"category","embeddable":true,"href":"https:\/\/www.europesays.com\/ee\/wp-json\/wp\/v2\/categories?post=227515"},{"taxonomy":"post_tag","embeddable":true,"href":"https:\/\/www.europesays.com\/ee\/wp-json\/wp\/v2\/tags?post=227515"}],"curies":[{"name":"wp","href":"https:\/\/api.w.org\/{rel}","templated":true}]}}