{"id":227558,"date":"2026-07-14T04:00:13","date_gmt":"2026-07-14T04:00:13","guid":{"rendered":"https:\/\/www.europesays.com\/ee\/227558\/"},"modified":"2026-07-14T04:00:13","modified_gmt":"2026-07-14T04:00:13","slug":"10-jalkatarka-ennustavad-kes-kroonitakse-maailmameistriks-kuidas-pidurdada-prantslasi-voi-messit","status":"publish","type":"post","link":"https:\/\/www.europesays.com\/ee\/227558\/","title":{"rendered":"10 JALKATARKA ENNUSTAVAD | Kes kroonitakse maailmameistriks? Kuidas pidurdada Prantslasi v\u00f5i Messit?"},"content":{"rendered":"<p>Kirjutise valimisse kuulus k\u00fcmme inimest, kes tunnevad jalgpalli rohkem kui keskmine kodanik. <\/p>\n<p>Nendeks olid Paide Linnameeskonna spordidirektor Gert Kams, endine vutikommentaator Toomas Vara, 143 m\u00e4ngu Eesti koondises m\u00e4nginud Marko Kristal, 157 m\u00e4ngus Eesti s\u00e4rgis platsil k\u00e4inud Martin Reim, TV3 jalgpallikommentaator Kermo Nava, nii Eesti korvpalli- kui ka jalgpalli meistriliigas m\u00e4nginud restorani\u00e4rimees Mikk Valtna, Eesti jalgpallikoondise keskkaitsja Karol Mets, endine koondise kapten Marek Lemsalu, endine koondislane ja ERR-i abikommentaator Markus J\u00fcrgenson ning paljude hinnangul aegade parim eestlasest jalgpallur Ragnar Klavan. <\/p>\n<p>Oled juba tellija?Logi sisse<\/p>\n<p><a href=\"https:\/\/sport.delfi.ee\/artikkel\/120596839\/10-jalkatarka-ennustavad-kes-kroonitakse-maailmameistriks-kuidas-pidurdada-prantslasi-voi-messit\/kommentaarid\" class=\"article-body-bottom__comment article-body-bottom__comment--write button button--primary button--size-auto\" rel=\"nofollow noopener\" target=\"_blank\"> Kommenteeri <\/a><a href=\"https:\/\/sport.delfi.ee\/artikkel\/120596839\/10-jalkatarka-ennustavad-kes-kroonitakse-maailmameistriks-kuidas-pidurdada-prantslasi-voi-messit\/kommentaarid\" class=\"article-body-bottom__comment article-body-bottom__comment--read button button--size-auto\" rel=\"nofollow noopener\" target=\"_blank\"> Loe kommentaare (11)<\/a><\/p>\n","protected":false},"excerpt":{"rendered":"Kirjutise valimisse kuulus k\u00fcmme inimest, kes tunnevad jalgpalli rohkem kui keskmine kodanik. Nendeks olid Paide Linnameeskonna spordidirektor Gert&hellip;\n","protected":false},"author":2,"featured_media":227559,"comment_status":"","ping_status":"","sticky":false,"template":"","format":"standard","meta":{"footnotes":"","_share_on_mastodon":"0"},"categories":[5],"tags":[26,27,37,33,35,34,36,31,32,21,5947,28,29,3767,24425,19,2529,25,23,24,22,20,30,11071],"class_list":["post-227558","post","type-post","status-publish","format-standard","has-post-thumbnail","category-uldised-uudised","tag-breaking-news","tag-breakingnews","tag-ee","tag-eesti","tag-eesti-keel","tag-estonia","tag-estonian","tag-featured-news","tag-featurednews","tag-headlines","tag-kylian-mbappe","tag-latest-news","tag-latestnews","tag-lionel-messi","tag-michael-olise","tag-news","tag-ousmane-dembele","tag-populaarseimad-lood","tag-top-stories","tag-topstories","tag-uldised-uudised","tag-uudised","tag-viimased-uudised","tag-zinedine-zidane"],"share_on_mastodon":{"url":"https:\/\/pubeurope.com\/@ee\/116916337173170770","error":""},"_links":{"self":[{"href":"https:\/\/www.europesays.com\/ee\/wp-json\/wp\/v2\/posts\/227558","targetHints":{"allow":["GET"]}}],"collection":[{"href":"https:\/\/www.europesays.com\/ee\/wp-json\/wp\/v2\/posts"}],"about":[{"href":"https:\/\/www.europesays.com\/ee\/wp-json\/wp\/v2\/types\/post"}],"author":[{"embeddable":true,"href":"https:\/\/www.europesays.com\/ee\/wp-json\/wp\/v2\/users\/2"}],"replies":[{"embeddable":true,"href":"https:\/\/www.europesays.com\/ee\/wp-json\/wp\/v2\/comments?post=227558"}],"version-history":[{"count":0,"href":"https:\/\/www.europesays.com\/ee\/wp-json\/wp\/v2\/posts\/227558\/revisions"}],"wp:featuredmedia":[{"embeddable":true,"href":"https:\/\/www.europesays.com\/ee\/wp-json\/wp\/v2\/media\/227559"}],"wp:attachment":[{"href":"https:\/\/www.europesays.com\/ee\/wp-json\/wp\/v2\/media?parent=227558"}],"wp:term":[{"taxonomy":"category","embeddable":true,"href":"https:\/\/www.europesays.com\/ee\/wp-json\/wp\/v2\/categories?post=227558"},{"taxonomy":"post_tag","embeddable":true,"href":"https:\/\/www.europesays.com\/ee\/wp-json\/wp\/v2\/tags?post=227558"}],"curies":[{"name":"wp","href":"https:\/\/api.w.org\/{rel}","templated":true}]}}