{"id":227685,"date":"2026-07-14T07:03:11","date_gmt":"2026-07-14T07:03:11","guid":{"rendered":"https:\/\/www.europesays.com\/ee\/227685\/"},"modified":"2026-07-14T07:03:11","modified_gmt":"2026-07-14T07:03:11","slug":"mu-ema-on-taielik-kontrollifriik-miks-olid-madonna-ja-tutre-lourdesi-suhted-aastaid-pingelised","status":"publish","type":"post","link":"https:\/\/www.europesays.com\/ee\/227685\/","title":{"rendered":"\u201eMu ema on t\u00e4ielik kontrollifriik.\u201c Miks olid Madonna ja t\u00fctre Lourdesi suhted aastaid pingelised?"},"content":{"rendered":"<p>Madonna (67) l\u00e4hikondse s\u00f5nul tundis tema t\u00fctar Lourdes Leon (29) et ema oli lapsep\u00f5lves tema vastu p\u00f5hjendamatult karm. See tekitas nende vahel pingeid ning ema ja t\u00fctre suhtlus katkes vahepeal sootuks.<\/p>\n<p>\u201eOli aegu, mil Madonna ja Lourdes ei r\u00e4\u00e4kinud omavahel. Lourdes tundis alati, et Madonna oli teda kasvatades liiga karm, isegi p\u00f5hjendamatult,\u201c r\u00e4\u00e4kis allikas v\u00e4ljaandele Page Six.<\/p>\n<p><img decoding=\"async\" src=\"https:\/\/www.europesays.com\/ee\/wp-content\/uploads\/2026\/07\/1a9bcc84-c7dd-48f2-a640-17301afbcdf2.jpg\" loading=\"lazy\" alt=\"Lourdes Leon ja Madonna koos k\u00e4esoleva aasta septembris.\"\/><\/p>\n<p>Madonna on hiljem tundnud s\u00fc\u00fcmepiinu selle p\u00e4rast, et kasvatas t\u00fctre \u00fcles erakordse kuulsuse keskel. Lauljanna m\u00f5istab n\u00fc\u00fcd, kui keeruline v\u00f5is olla \u00fcles kasvada \u00fche maailma kuulsaima popstaari t\u00fctrena.<\/p>\n<p>Lourdes on ka ise varem r\u00e4\u00e4kinud, et soovis p\u00e4rast keskkooli l\u00f5petamist emast v\u00f5imalikult kiiresti iseseisvuda. Intervjuus ajakirjale Interview nimetas ta Madonnat lausa kontrollifriigiks ning \u00fctles, et ema juhtis aastaid kogu tema elu.<\/p>\n<p>\u201eMu ema on t\u00e4ielik kontrollifriik ja on kogu mu elu mind kontrollinud. Tahtsin kohe p\u00e4rast keskkooli l\u00f5petamist iseseisvaks saada,\u201c \u00fctles Lourdes.<\/p>\n<p>Page Sixi andmetel on ema ja t\u00fctre suhted viimastel aastatel siiski m\u00e4rgatavalt paranenud. Madonna l\u00e4hedase s\u00f5nul aitasid nende suhteid parandada avameelsed vestlused ja \u00fchise laulu kirjutamine.<\/p>\n<p>Jutt ema ja t\u00fctre keerulisest suhtest kerkis taas p\u00e4evakorda p\u00e4rast Madonna uue albumi ilmumist. Lauljanna on varem \u00f6elnud, et kirjutas koos t\u00fctrega loo \u201eThe Test\u201c, et proovida nende omavahelist suhet parandada. V\u00e4idetavalt tegi Madonnale eriti r\u00f5\u00f5mu see, et just Lourdes tegi ettepaneku koos muusikat luua. Varem oli Madonnale j\u00e4\u00e4nud mulje, et t\u00fctar ei soovi end temaga loominguliselt siduda. <\/p>\n<p>Kuidas see lugu Sind end tundma pani? Saada <a href=\"https:\/\/kroonika.delfi.ee\/artikkel\/120596916\/mu-ema-on-taielik-kontrollifriik-miks-olid-madonna-ja-tutre-lourdesi-suhted-aastaid-pingelised\/kommentaarid\" class=\"article-body-bottom__comment article-body-bottom__comment--write button button--primary button--size-auto\" rel=\"nofollow noopener\" target=\"_blank\"> Kommenteeri <\/a><a href=\"https:\/\/kroonika.delfi.ee\/artikkel\/120596916\/mu-ema-on-taielik-kontrollifriik-miks-olid-madonna-ja-tutre-lourdesi-suhted-aastaid-pingelised\/kommentaarid\" class=\"article-body-bottom__comment article-body-bottom__comment--read button button--size-auto\" rel=\"nofollow noopener\" target=\"_blank\"> Loe kommentaare <\/a><\/p>\n","protected":false},"excerpt":{"rendered":"Madonna (67) l\u00e4hikondse s\u00f5nul tundis tema t\u00fctar Lourdes Leon (29) et ema oli lapsep\u00f5lves tema vastu p\u00f5hjendamatult karm.&hellip;\n","protected":false},"author":2,"featured_media":227686,"comment_status":"","ping_status":"","sticky":false,"template":"","format":"standard","meta":{"footnotes":"","_share_on_mastodon":"0"},"categories":[16],"tags":[37,33,35,173,34,36,57361,7714,140],"class_list":["post-227685","post","type-post","status-publish","format-standard","has-post-thumbnail","category-meelelahutus","tag-ee","tag-eesti","tag-eesti-keel","tag-entertainment","tag-estonia","tag-estonian","tag-lourdes-leon","tag-madonna","tag-meelelahutus"],"share_on_mastodon":{"url":"https:\/\/pubeurope.com\/@ee\/116917056923398367","error":""},"_links":{"self":[{"href":"https:\/\/www.europesays.com\/ee\/wp-json\/wp\/v2\/posts\/227685","targetHints":{"allow":["GET"]}}],"collection":[{"href":"https:\/\/www.europesays.com\/ee\/wp-json\/wp\/v2\/posts"}],"about":[{"href":"https:\/\/www.europesays.com\/ee\/wp-json\/wp\/v2\/types\/post"}],"author":[{"embeddable":true,"href":"https:\/\/www.europesays.com\/ee\/wp-json\/wp\/v2\/users\/2"}],"replies":[{"embeddable":true,"href":"https:\/\/www.europesays.com\/ee\/wp-json\/wp\/v2\/comments?post=227685"}],"version-history":[{"count":0,"href":"https:\/\/www.europesays.com\/ee\/wp-json\/wp\/v2\/posts\/227685\/revisions"}],"wp:featuredmedia":[{"embeddable":true,"href":"https:\/\/www.europesays.com\/ee\/wp-json\/wp\/v2\/media\/227686"}],"wp:attachment":[{"href":"https:\/\/www.europesays.com\/ee\/wp-json\/wp\/v2\/media?parent=227685"}],"wp:term":[{"taxonomy":"category","embeddable":true,"href":"https:\/\/www.europesays.com\/ee\/wp-json\/wp\/v2\/categories?post=227685"},{"taxonomy":"post_tag","embeddable":true,"href":"https:\/\/www.europesays.com\/ee\/wp-json\/wp\/v2\/tags?post=227685"}],"curies":[{"name":"wp","href":"https:\/\/api.w.org\/{rel}","templated":true}]}}