{"id":227742,"date":"2026-07-14T08:31:10","date_gmt":"2026-07-14T08:31:10","guid":{"rendered":"https:\/\/www.europesays.com\/ee\/227742\/"},"modified":"2026-07-14T08:31:10","modified_gmt":"2026-07-14T08:31:10","slug":"klopsud-sinu-kubara-tottu-ei-nae-mangu-jennifer-lopezi-hiigelkubar-ajas-wimbledonis-tennisefannid-marru","status":"publish","type":"post","link":"https:\/\/www.europesays.com\/ee\/227742\/","title":{"rendered":"KL\u00d5PSUD | \u201eSinu k\u00fcbara t\u00f5ttu ei n\u00e4e m\u00e4ngu!\u201c Jennifer Lopezi hiigelk\u00fcbar ajas Wimbledonis tennisef\u00e4nnid marru"},"content":{"rendered":"<p>Lopez j\u00e4lgis p\u00fchap\u00e4eval Londoni All England Clubis meeste \u00fcksikm\u00e4ngu finaali, kus itaallane Jannik Sinner (24) alistas sakslase Alexander Zverevi (29) ning kaitses edukalt oma Wimbledoni tiitlit. Ent peagi koondus t\u00e4helepanu v\u00e4ljakult trib\u00fc\u00fcnidele.<\/p>\n<p>Lopezi bee\u017e hiigelk\u00fcbar tekitas sotsiaalmeedias elava arutelu. Mitmed X-i kasutajad leidsid, et nii suure peakatte kandmine spordi\u00fcritusel on teiste pealtvaatajate suhtes lugupidamatu.<\/p>\n<p>\u201eSelline k\u00fcbar ei sobi sellisele \u00fcritusele. Peaksid enne kodut\u00f6\u00f6 \u00e4ra tegema,\u201c kirjutas \u00fcks kasutaja. Teine ironiseeris, et lauljanna k\u00fcbar n\u00e4gi v\u00e4lja, nagu oleks see \u201eAmazoni pappkastist volditud\u201c. Samuti kirjutati: \u201eInimesed maksid palju raha, et seal olla, aga sinu k\u00fcbara t\u00f5ttu ei n\u00e4e nad m\u00e4ngu,\u201c ning \u201eKorraldajad oleksid pidanud tal paluma k\u00fcbara peast v\u00f5tta.\u201c<\/p>\n<p>Leidus aga ka neid, kes Lopezi kaitsesid. F\u00e4nnid m\u00e4rkisid, et lauljanna v\u00f5ttis k\u00fcbara kohtumise k\u00e4igus peast ega kandnud seda kogu mat\u0161i v\u00e4ltel. \u201eTa v\u00f5ttis k\u00fcbara \u00e4ra. J\u00e4tke see naine rahule,\u201c kirjutas \u00fcks kommentaator. Teine lisas: \u201eSuure k\u00fcbara energia. JLo n\u00e4eb imearmas v\u00e4lja.\u201c<\/p>\n<p>Lopez nautis finaali koos Briti n\u00e4itleja Tom Hiddlestoniga (45). Wimbledoni finaali j\u00e4lgisid kohapeal ka Nicole Kidman, Anna Wintour, Ben Stiller, Andrew Garfield, Lily Collins ja mitmed teised maailmakuulsused.<\/p>\n<p>V\u00e4ljakul t\u00e4histas v\u00f5itu aga Sinner, kes alistas ligi neli tundi kestnud finaalis Zverevi 6 : 7, 7 : 6, 6 : 3, 6 : 4, ning kaitses edukalt oma Wimbledoni tiitlit.<\/p>\n<p>Kuidas see lugu Sind end tundma pani? Saada <a href=\"https:\/\/kroonika.delfi.ee\/artikkel\/120597027\/klopsud-sinu-kubara-tottu-ei-nae-mangu-jennifer-lopezi-hiigelkubar-ajas-wimbledonis-tennisefannid-marru\/kommentaarid\" class=\"article-body-bottom__comment article-body-bottom__comment--write button button--primary button--size-auto\" rel=\"nofollow noopener\" target=\"_blank\"> Kommenteeri <\/a><a href=\"https:\/\/kroonika.delfi.ee\/artikkel\/120597027\/klopsud-sinu-kubara-tottu-ei-nae-mangu-jennifer-lopezi-hiigelkubar-ajas-wimbledonis-tennisefannid-marru\/kommentaarid\" class=\"article-body-bottom__comment article-body-bottom__comment--read button button--size-auto\" rel=\"nofollow noopener\" target=\"_blank\"> Loe kommentaare <\/a><\/p>\n","protected":false},"excerpt":{"rendered":"Lopez j\u00e4lgis p\u00fchap\u00e4eval Londoni All England Clubis meeste \u00fcksikm\u00e4ngu finaali, kus itaallane Jannik Sinner (24) alistas sakslase Alexander&hellip;\n","protected":false},"author":2,"featured_media":227743,"comment_status":"","ping_status":"","sticky":false,"template":"","format":"standard","meta":{"footnotes":"","_share_on_mastodon":"0"},"categories":[16],"tags":[37,33,35,173,34,36,26889,140,6777],"class_list":["post-227742","post","type-post","status-publish","format-standard","has-post-thumbnail","category-meelelahutus","tag-ee","tag-eesti","tag-eesti-keel","tag-entertainment","tag-estonia","tag-estonian","tag-jennifer-lopez","tag-meelelahutus","tag-wimbledon"],"share_on_mastodon":{"url":"https:\/\/pubeurope.com\/@ee\/116917402693258104","error":""},"_links":{"self":[{"href":"https:\/\/www.europesays.com\/ee\/wp-json\/wp\/v2\/posts\/227742","targetHints":{"allow":["GET"]}}],"collection":[{"href":"https:\/\/www.europesays.com\/ee\/wp-json\/wp\/v2\/posts"}],"about":[{"href":"https:\/\/www.europesays.com\/ee\/wp-json\/wp\/v2\/types\/post"}],"author":[{"embeddable":true,"href":"https:\/\/www.europesays.com\/ee\/wp-json\/wp\/v2\/users\/2"}],"replies":[{"embeddable":true,"href":"https:\/\/www.europesays.com\/ee\/wp-json\/wp\/v2\/comments?post=227742"}],"version-history":[{"count":0,"href":"https:\/\/www.europesays.com\/ee\/wp-json\/wp\/v2\/posts\/227742\/revisions"}],"wp:featuredmedia":[{"embeddable":true,"href":"https:\/\/www.europesays.com\/ee\/wp-json\/wp\/v2\/media\/227743"}],"wp:attachment":[{"href":"https:\/\/www.europesays.com\/ee\/wp-json\/wp\/v2\/media?parent=227742"}],"wp:term":[{"taxonomy":"category","embeddable":true,"href":"https:\/\/www.europesays.com\/ee\/wp-json\/wp\/v2\/categories?post=227742"},{"taxonomy":"post_tag","embeddable":true,"href":"https:\/\/www.europesays.com\/ee\/wp-json\/wp\/v2\/tags?post=227742"}],"curies":[{"name":"wp","href":"https:\/\/api.w.org\/{rel}","templated":true}]}}