{"id":227837,"date":"2026-07-14T10:21:10","date_gmt":"2026-07-14T10:21:10","guid":{"rendered":"https:\/\/www.europesays.com\/ee\/227837\/"},"modified":"2026-07-14T10:21:10","modified_gmt":"2026-07-14T10:21:10","slug":"pille-lill-rahust-peab-saama-meie-aja-suurim-julgeolekuprojekt","status":"publish","type":"post","link":"https:\/\/www.europesays.com\/ee\/227837\/","title":{"rendered":"Pille Lill: rahust peab saama meie aja suurim julgeolekuprojekt!"},"content":{"rendered":"<p>Kuid samal ajal peame k\u00fcsima, kas meie \u00fchine eesm\u00e4rk saab olla ainult valmisolek konfliktideks v\u00f5i peab meie suurim siht olema ka sellise maailma loomine, kus <a rel=\"noopener nofollow\" target=\"_blank\" href=\"https:\/\/www.delfi.ee\/teema\/96885820\/rahu\" data-rel-date-range=\"[]\">rahu<\/a> s\u00e4ilitamiseks vajalikke pingutusi v\u00e4\u00e4rtustatakse sama k\u00f5rgelt.<\/p>\n<p>Olen oma tegevuses rahvusvahelise kultuurilise koost\u00f6\u00f6 edendajana kogenud, et rahvastevahelised suhted ei s\u00fcnni ainult ametlikest kohtumistest ja poliitilistest kokkulepetest, pigem kujunevad need usaldusest, vastastikusest m\u00f5istmisest ja valmisolekust n\u00e4ha teises rahvas partnerit. <\/p>\n<p>Oled juba tellija?Logi sisse<\/p>\n<p><a href=\"https:\/\/arvamus.delfi.ee\/artikkel\/120597077\/pille-lill-rahust-peab-saama-meie-aja-suurim-julgeolekuprojekt\/kommentaarid\" class=\"article-body-bottom__comment article-body-bottom__comment--write button button--primary button--size-auto\" rel=\"nofollow noopener\" target=\"_blank\"> Kommenteeri <\/a><a href=\"https:\/\/arvamus.delfi.ee\/artikkel\/120597077\/pille-lill-rahust-peab-saama-meie-aja-suurim-julgeolekuprojekt\/kommentaarid\" class=\"article-body-bottom__comment article-body-bottom__comment--read button button--size-auto\" rel=\"nofollow noopener\" target=\"_blank\"> Loe kommentaare (3)<\/a><\/p>\n","protected":false},"excerpt":{"rendered":"Kuid samal ajal peame k\u00fcsima, kas meie \u00fchine eesm\u00e4rk saab olla ainult valmisolek konfliktideks v\u00f5i peab meie suurim&hellip;\n","protected":false},"author":2,"featured_media":227838,"comment_status":"","ping_status":"","sticky":false,"template":"","format":"standard","meta":{"footnotes":"","_share_on_mastodon":"0"},"categories":[16],"tags":[13105,37,33,35,173,34,36,498,4625,140,28636],"class_list":["post-227837","post","type-post","status-publish","format-standard","has-post-thumbnail","category-meelelahutus","tag-diplomaatia","tag-ee","tag-eesti","tag-eesti-keel","tag-entertainment","tag-estonia","tag-estonian","tag-julgeolek","tag-kaitsevoime","tag-meelelahutus","tag-rahu"],"share_on_mastodon":{"url":"https:\/\/pubeurope.com\/@ee\/116917835275848585","error":""},"_links":{"self":[{"href":"https:\/\/www.europesays.com\/ee\/wp-json\/wp\/v2\/posts\/227837","targetHints":{"allow":["GET"]}}],"collection":[{"href":"https:\/\/www.europesays.com\/ee\/wp-json\/wp\/v2\/posts"}],"about":[{"href":"https:\/\/www.europesays.com\/ee\/wp-json\/wp\/v2\/types\/post"}],"author":[{"embeddable":true,"href":"https:\/\/www.europesays.com\/ee\/wp-json\/wp\/v2\/users\/2"}],"replies":[{"embeddable":true,"href":"https:\/\/www.europesays.com\/ee\/wp-json\/wp\/v2\/comments?post=227837"}],"version-history":[{"count":0,"href":"https:\/\/www.europesays.com\/ee\/wp-json\/wp\/v2\/posts\/227837\/revisions"}],"wp:featuredmedia":[{"embeddable":true,"href":"https:\/\/www.europesays.com\/ee\/wp-json\/wp\/v2\/media\/227838"}],"wp:attachment":[{"href":"https:\/\/www.europesays.com\/ee\/wp-json\/wp\/v2\/media?parent=227837"}],"wp:term":[{"taxonomy":"category","embeddable":true,"href":"https:\/\/www.europesays.com\/ee\/wp-json\/wp\/v2\/categories?post=227837"},{"taxonomy":"post_tag","embeddable":true,"href":"https:\/\/www.europesays.com\/ee\/wp-json\/wp\/v2\/tags?post=227837"}],"curies":[{"name":"wp","href":"https:\/\/api.w.org\/{rel}","templated":true}]}}