{"id":227889,"date":"2026-07-14T11:21:15","date_gmt":"2026-07-14T11:21:15","guid":{"rendered":"https:\/\/www.europesays.com\/ee\/227889\/"},"modified":"2026-07-14T11:21:15","modified_gmt":"2026-07-14T11:21:15","slug":"eesti-esitas-koos-kaheksa-riigiga-taotluse-jatta-rok-ilma-euroopa-liidu-rahast","status":"publish","type":"post","link":"https:\/\/www.europesays.com\/ee\/227889\/","title":{"rendered":"Eesti esitas koos kaheksa riigiga taotluse j\u00e4tta ROK ilma Euroopa Liidu rahast"},"content":{"rendered":"<p>Eesti saatis teisip\u00e4eval koos kaheksa riigiga Euroopa Komisjoni spordivolinikule Glenn Micallefile ettepaneku j\u00e4tta Venemaa sportlased ol\u00fcmpiam\u00e4ngudele lubanud Rahvusvaheline Ol\u00fcmpiakomitee (ROK) ilma Euroopa Liidu rahast.<\/p>\n<p class=\"MsoNormal\">Ettepaneku j\u00e4rgi tuleks j\u00e4tta Erasmus+ ja teistest Euroopa Liidu toetusmeetmetest v\u00e4lja spordiorganisatsioonid, kes lubavad Venemaa ja Valgevene tagasi rahvusvahelistele spordiv\u00f5istlustele.<\/p>\n","protected":false},"excerpt":{"rendered":"Eesti saatis teisip\u00e4eval koos kaheksa riigiga Euroopa Komisjoni spordivolinikule Glenn Micallefile ettepaneku j\u00e4tta Venemaa sportlased ol\u00fcmpiam\u00e4ngudele lubanud Rahvusvaheline&hellip;\n","protected":false},"author":2,"featured_media":227890,"comment_status":"","ping_status":"","sticky":false,"template":"","format":"standard","meta":{"footnotes":"","_share_on_mastodon":"0"},"categories":[5],"tags":[26,27,37,33,35,14469,34,36,590,31,32,21,28,29,19,25,2376,23,24,22,20,96,30],"class_list":["post-227889","post","type-post","status-publish","format-standard","has-post-thumbnail","category-uldised-uudised","tag-breaking-news","tag-breakingnews","tag-ee","tag-eesti","tag-eesti-keel","tag-erasmus","tag-estonia","tag-estonian","tag-euroopa-liit","tag-featured-news","tag-featurednews","tag-headlines","tag-latest-news","tag-latestnews","tag-news","tag-populaarseimad-lood","tag-rahvusvaheline-olumpiakomitee","tag-top-stories","tag-topstories","tag-uldised-uudised","tag-uudised","tag-venemaa","tag-viimased-uudised"],"share_on_mastodon":{"url":"https:\/\/pubeurope.com\/@ee\/116918071108752719","error":""},"_links":{"self":[{"href":"https:\/\/www.europesays.com\/ee\/wp-json\/wp\/v2\/posts\/227889","targetHints":{"allow":["GET"]}}],"collection":[{"href":"https:\/\/www.europesays.com\/ee\/wp-json\/wp\/v2\/posts"}],"about":[{"href":"https:\/\/www.europesays.com\/ee\/wp-json\/wp\/v2\/types\/post"}],"author":[{"embeddable":true,"href":"https:\/\/www.europesays.com\/ee\/wp-json\/wp\/v2\/users\/2"}],"replies":[{"embeddable":true,"href":"https:\/\/www.europesays.com\/ee\/wp-json\/wp\/v2\/comments?post=227889"}],"version-history":[{"count":0,"href":"https:\/\/www.europesays.com\/ee\/wp-json\/wp\/v2\/posts\/227889\/revisions"}],"wp:featuredmedia":[{"embeddable":true,"href":"https:\/\/www.europesays.com\/ee\/wp-json\/wp\/v2\/media\/227890"}],"wp:attachment":[{"href":"https:\/\/www.europesays.com\/ee\/wp-json\/wp\/v2\/media?parent=227889"}],"wp:term":[{"taxonomy":"category","embeddable":true,"href":"https:\/\/www.europesays.com\/ee\/wp-json\/wp\/v2\/categories?post=227889"},{"taxonomy":"post_tag","embeddable":true,"href":"https:\/\/www.europesays.com\/ee\/wp-json\/wp\/v2\/tags?post=227889"}],"curies":[{"name":"wp","href":"https:\/\/api.w.org\/{rel}","templated":true}]}}