{"id":227939,"date":"2026-07-14T12:15:09","date_gmt":"2026-07-14T12:15:09","guid":{"rendered":"https:\/\/www.europesays.com\/ee\/227939\/"},"modified":"2026-07-14T12:15:09","modified_gmt":"2026-07-14T12:15:09","slug":"haapsalus-moodeti-eesti-koigi-aegade-korgeim-uv-indeks-tervis","status":"publish","type":"post","link":"https:\/\/www.europesays.com\/ee\/227939\/","title":{"rendered":"Haapsalus m\u00f5\u00f5deti Eesti k\u00f5igi aegade k\u00f5rgeim UV-indeks | Tervis"},"content":{"rendered":"<p>Juuni l\u00f5pp oli Eestis UV-indeksi poolest silmapaistev, sest nii Haapsalus kui P\u00e4rnus m\u00f5\u00f5deti kaks uut rekordit. Haapsalus m\u00f5\u00f5deti ka Eesti l\u00e4bi aegade k\u00f5rgeim UV-indeks.<\/p>\n<p>25. juunil 2026 m\u00f5\u00f5deti Haapsalus Eesti k\u00f5rgeim UV-indeks: 8,9. Samal p\u00e4eval m\u00f5\u00f5deti P\u00e4rnus UV-indeksiks 7,7. \u00a0<\/p>\n<p>Haapsalu k\u00f5rgeim UV-indeksi n\u00e4itaja oli varem 8,2 ning see oli m\u00f5\u00f5detud 11. juulil aastal 2021. P\u00e4rnus oli varaseim k\u00f5rgeim n\u00e4itaja 7,6 ning see m\u00f5\u00f5deti 2. juulil 2025. aastal. \u00a0<\/p>\n<p>Kuigi Haapsalu uus v\u00e4\u00e4rtus on siinsetel laiuskraadidel harv, n\u00e4itab rekord, et ka Eestis v\u00f5ib ultraviolettkiirgus ulatuda ohtlikult k\u00f5rgele tasemele, kirjutab <a href=\"https:\/\/www.keskkonnaagentuur.ee\/node\/2874\" target=\"_blank\" rel=\"noopener nofollow\">Keskkonnaagentuur oma blogis<\/a>.<\/p>\n<p>UV-indeksi v\u00e4\u00e4rtused muutuvad Eesti laiuskraadidel aasta jooksul m\u00e4rgatavalt ning s\u00f5ltuvad eelk\u00f5ige p\u00e4ikese k\u00f5rgusest horisondi kohal. Talvekuudel on ultraviolettkiirgus v\u00e4ga n\u00f5rk ja UV-indeks p\u00fcsib enamasti alla kahe. \u00a0<\/p>\n<p>K\u00f5ige tugevam on UV-kiirgus juunis ja juulis, kui p\u00e4ike t\u00f5useb p\u00e4eva jooksul k\u00f5ige k\u00f5rgemale. P\u00e4ikeselise ilmaga on maksimaalne UV-indeks siis enamasti \u00fcle kuue ning \u00fcksikutel p\u00e4evadel \u00fcletab maksimum UV-indeks kaheksa, mis t\u00e4hendab v\u00e4ga k\u00f5rget UV-kiirguse taset.\u00a0<\/p>\n<p>P\u00e4ikeselisematel kuudel v\u00f5ib juunis ja juulis k\u00f5rge UV-indeks esineda enam kui 20 p\u00e4eval kuus.\u00a0 Alates augustist hakkab UV-indeks koos p\u00e4ikese k\u00f5rguse v\u00e4henemisega j\u00e4rk-j\u00e4rgult langema ning kuu l\u00f5pu poole j\u00e4\u00e4vad p\u00e4eva maksimumid enamasti viie \u00fcmbrusse.\u00a0<\/p>\n<p>Mis on UV-indeks? \u00a0<\/p>\n<p>UV-indeks on p\u00e4ikese ultraviolettkiirguse intensiivsust iseloomustav n\u00e4itaja. Mida k\u00f5rgem on selle v\u00e4\u00e4rtus, seda intensiivsem on UV-kiirgus ning oht naha ja silmade kahjustumiseks ehk kahjulikud m\u00f5jud v\u00f5ivad kiiremini ilmneda.\u00a0<\/p>\n<p>UV-indeksi suurust m\u00f5jutavad eelk\u00f5ige p\u00e4ikese k\u00f5rgus horisondil, atmosf\u00e4\u00e4ri osoonikihi paksus ja pilvisus \u2013 nende hulk, k\u00f5rgus ja liik. M\u00f5ju avaldavad ka aluspinna peegeldus ning geograafiline asukoht. Seet\u00f5ttu varieerub UV-indeks nii p\u00e4eva kui aasta jooksul.\u00a0<\/p>\n<p>Maailma Meteoroloogiaorganisatsioon (WMO) ja Maailma Terviseorganisatsioon (WHO) soovitavad kasutada UV-indeksit \u00fchtse n\u00e4itajana, mis aitab hinnata ultraviolettkiirguse v\u00f5imalikku m\u00f5ju inimese tervisele. \u00a0<\/p>\n<p>UV-indeks on jaotatud riskitasemetesse, mille abil on v\u00f5imalik hinnata UV-kiirgusest tulenevat terviseriski ja valida sobivad p\u00e4ikesekaitsemeetmed. \u00a0<\/p>\n<p>\u00dcldiselt soovitatakse p\u00e4ikesekaitset kasutada juba siis, kui UV-indeks on 3 v\u00f5i k\u00f5rgem. Mida k\u00f5rgem on UV-indeks, seda kiiremini v\u00f5ib kaitsmata nahk saada p\u00e4ikesep\u00f5letuse ning seda olulisem on kasutada sobivat p\u00e4ikesekaitset.\u00a0<\/p>\n<p>K\u00f5ige t\u00f5husam viis UV-kiirguse eest kaitsmiseks on piirata otsese p\u00e4ikese k\u00e4es viibimist keskp\u00e4evasel ajal, otsida v\u00f5imalusel varju ning kanda nahka katvaid riideid, laia \u00e4\u00e4rega m\u00fctsi ja UV-kaitsega p\u00e4ikeseprille. Pikemaajalisel \u00f5ues viibimisel tuleks kasutada ka piisava kaitsefaktoriga p\u00e4ikesekaitsekreemi.\u00a0<\/p>\n<p>Ka l\u00e4hip\u00e4evil on k\u00f5rge UV-indeks\u00a0<\/p>\n<p>S\u00fcnoptikute prognoos lubab l\u00e4hiajaks Eestisse kaunist suveilma ning kolmap\u00e4evast reedeni j\u00e4\u00e4b ilma kujundama k\u00f5rgr\u00f5huala, mis hajutab pilvi ja laseb p\u00e4ikesel s\u00e4rada. Seega on UV-kiirguse indeks viis kuni kuus, neljap\u00e4eval ja reedel paiguti kuni seitse.\u00a0<\/p>\n<p>Kolmap\u00e4eval\u00a0 on taevas k\u00fcll \u00f5huke pilvekiht, kuid see takistab vaid veidi UV-kiirguse j\u00f5udmist maapinnale. Ka pilvise ilmaga j\u00f5uab siia hajuskiirgus, mis samuti muudab naha pruuniks ning k\u00f5rge UV-indeksi puhul on ka pilvisema ilma korral pikalt v\u00e4ljas olles p\u00e4ikesep\u00f5letuse oht. N\u00e4dalavahetus ja uue n\u00e4dala algus tulevad pilvisemad ja UV-indeksi v\u00e4\u00e4rtus langeb.\u00a0<\/p>\n<p>Eestis m\u00f5\u00f5dab Keskkonnaagentuur UV-indeksit viies seirejaamas: Roomassaares, Haapsalus, P\u00e4rnus, Tallinn-Harkus ja Tartu-T\u00f5raveres. Reaalajas m\u00f5\u00f5detud UV-indeksi v\u00e4\u00e4rtused on k\u00e4ttesaadavad <a href=\"https:\/\/www.ilmateenistus.ee\/ilm\/ilmavaatlused\/uv-indeks\/\" target=\"_blank\" rel=\"noopener nofollow\">Keskkonnaagentuuri veebilehel<\/a> ning ILM+ \u00e4pis.\u00a0<\/p>\n","protected":false},"excerpt":{"rendered":"Juuni l\u00f5pp oli Eestis UV-indeksi poolest silmapaistev, sest nii Haapsalus kui P\u00e4rnus m\u00f5\u00f5deti kaks uut rekordit. Haapsalus m\u00f5\u00f5deti&hellip;\n","protected":false},"author":2,"featured_media":227940,"comment_status":"","ping_status":"","sticky":false,"template":"","format":"standard","meta":{"footnotes":"","_share_on_mastodon":"0"},"categories":[12],"tags":[26,27,37,33,35,34,36,31,32,994,21,18174,6997,28,29,19,9935,86723,1421,25,23,24,22,20,10864,28169,30],"class_list":["post-227939","post","type-post","status-publish","format-standard","has-post-thumbnail","category-eesti","tag-breaking-news","tag-breakingnews","tag-ee","tag-eesti","tag-eesti-keel","tag-estonia","tag-estonian","tag-featured-news","tag-featurednews","tag-haapsalu","tag-headlines","tag-ilmateenistus","tag-keskkonnaagentuur","tag-latest-news","tag-latestnews","tag-news","tag-paike","tag-paikesepoletus","tag-parnu","tag-populaarseimad-lood","tag-top-stories","tag-topstories","tag-uldised-uudised","tag-uudised","tag-uv-indeks","tag-uv-kiirgus","tag-viimased-uudised"],"share_on_mastodon":{"url":"https:\/\/pubeurope.com\/@ee\/116918283499715317","error":""},"_links":{"self":[{"href":"https:\/\/www.europesays.com\/ee\/wp-json\/wp\/v2\/posts\/227939","targetHints":{"allow":["GET"]}}],"collection":[{"href":"https:\/\/www.europesays.com\/ee\/wp-json\/wp\/v2\/posts"}],"about":[{"href":"https:\/\/www.europesays.com\/ee\/wp-json\/wp\/v2\/types\/post"}],"author":[{"embeddable":true,"href":"https:\/\/www.europesays.com\/ee\/wp-json\/wp\/v2\/users\/2"}],"replies":[{"embeddable":true,"href":"https:\/\/www.europesays.com\/ee\/wp-json\/wp\/v2\/comments?post=227939"}],"version-history":[{"count":0,"href":"https:\/\/www.europesays.com\/ee\/wp-json\/wp\/v2\/posts\/227939\/revisions"}],"wp:featuredmedia":[{"embeddable":true,"href":"https:\/\/www.europesays.com\/ee\/wp-json\/wp\/v2\/media\/227940"}],"wp:attachment":[{"href":"https:\/\/www.europesays.com\/ee\/wp-json\/wp\/v2\/media?parent=227939"}],"wp:term":[{"taxonomy":"category","embeddable":true,"href":"https:\/\/www.europesays.com\/ee\/wp-json\/wp\/v2\/categories?post=227939"},{"taxonomy":"post_tag","embeddable":true,"href":"https:\/\/www.europesays.com\/ee\/wp-json\/wp\/v2\/tags?post=227939"}],"curies":[{"name":"wp","href":"https:\/\/api.w.org\/{rel}","templated":true}]}}