{"id":227958,"date":"2026-07-14T12:44:09","date_gmt":"2026-07-14T12:44:09","guid":{"rendered":"https:\/\/www.europesays.com\/ee\/227958\/"},"modified":"2026-07-14T12:44:09","modified_gmt":"2026-07-14T12:44:09","slug":"eesti-muusikud-vallutavad-jurmala-laima-rendezvousl-astuvad-lavale-tonis-magi-alika-ja-uku-suviste","status":"publish","type":"post","link":"https:\/\/www.europesays.com\/ee\/227958\/","title":{"rendered":"Eesti muusikud vallutavad J\u016brmala: Laima Rendezvous\u2019l astuvad lavale T\u00f5nis M\u00e4gi, Alika ja Uku Suviste"},"content":{"rendered":"<p>Festivali avap\u00e4eval, 24. juulil astuvad lavale Alika (23) ja Uku Suviste (44). P\u00e4ev hiljem, 25. juulil annab kontserdi Eesti rokkmuusika legend T\u00f5nis M\u00e4gi (77) ning festivali l\u00f5petaval galakontserdil 26. juulil esineb Rootsi p\u00e4ritolu lauljatar Sonja Bishop, kes on aastaid teinud koost\u00f6\u00f6d L\u00e4ti helilooja Raimonds Paulsiga.<\/p>\n<p>T\u00f5nis M\u00e4gi on \u00fcks Eesti m\u00f5jukamaid ja hinnatumaid muusikuid, kelle looming on saatnud eestlasi juba \u00fcle viie aastak\u00fcmne. Tema laul \u201eKoit\u201c kujunes laulva revolutsiooni \u00fcheks s\u00fcmboliks ning 1980. aasta Moskva ol\u00fcmpiapurjeregati teemalaul t\u00f5i talle tuntust ka v\u00e4ljaspool Eestit. Panuse eest Eesti kultuuri on M\u00e4gi p\u00e4lvinud Valget\u00e4he IV klassi ning Riigivapi III klassi teenetem\u00e4rgi.<\/p>\n<p>Alika esindas Eestit 2023. aasta Eurovisioni lauluv\u00f5istlusel looga \u201eBridges\u201c ning on viimastel aastatel kujunenud \u00fcheks Eesti noore p\u00f5lvkonna silmapaistvamaks lauljaks. Uku Suviste on Berklee muusikakolled\u017ei vilistlane, laulukirjutaja ja mitmekordne Eesti Laulu v\u00f5itja, kes esindas Eestit 2021. aasta Eurovisionil lauluga \u201eThe Lucky One\u201c.<\/p>\n<p>Festivali eestvedaja Laima Vaikule s\u00f5nul peegeldab t\u00e4navune esinejate valik h\u00e4sti Laima Rendezvous J\u016brmala olemust. \u201eMul on alati hea meel n\u00e4ha, kuidas \u00fchel laval kohtuvad erinevad p\u00f5lvkonnad, riigid ja muusikalood. T\u00f5nis M\u00e4gi on t\u00f5eline legend, Alika ja Uku Suviste esindavad s\u00e4ravalt t\u00e4nap\u00e4eva Eesti muusikamaastikku ning Sonja Bishopit seovad L\u00e4tiga pikaajalised loomingulised sidemed. Just sellised kohtumised loovad Laima Rendezvous J\u016brmala erilise \u00f5hkkonna ja muudavad festivali oluliseks nii artistide kui ka publiku jaoks,\u201c \u00fctles Vaikule.<\/p>\n<p>T\u00e4navune Laima Rendezvous J\u016brmala toimub 24.\u201326. juulini Dzintari kontserdisaalis. <\/p>\n<p>Kuidas see lugu Sind end tundma pani? Saada <a href=\"https:\/\/kroonika.delfi.ee\/artikkel\/120597096\/eesti-muusikud-vallutavad-jurmala-laima-rendezvous-l-astuvad-lavale-tonis-magi-alika-ja-uku-suviste\/kommentaarid\" class=\"article-body-bottom__comment article-body-bottom__comment--write button button--primary button--size-auto\" rel=\"nofollow noopener\" target=\"_blank\"> Kommenteeri <\/a><a href=\"https:\/\/kroonika.delfi.ee\/artikkel\/120597096\/eesti-muusikud-vallutavad-jurmala-laima-rendezvous-l-astuvad-lavale-tonis-magi-alika-ja-uku-suviste\/kommentaarid\" class=\"article-body-bottom__comment article-body-bottom__comment--read button button--size-auto\" rel=\"nofollow noopener\" target=\"_blank\"> Loe kommentaare (1)<\/a><\/p>\n","protected":false},"excerpt":{"rendered":"Festivali avap\u00e4eval, 24. juulil astuvad lavale Alika (23) ja Uku Suviste (44). P\u00e4ev hiljem, 25. juulil annab kontserdi&hellip;\n","protected":false},"author":2,"featured_media":227959,"comment_status":"","ping_status":"","sticky":false,"template":"","format":"standard","meta":{"footnotes":"","_share_on_mastodon":"0"},"categories":[16],"tags":[4101,37,33,35,173,34,36,140,5978,6992],"class_list":["post-227958","post","type-post","status-publish","format-standard","has-post-thumbnail","category-meelelahutus","tag-alika","tag-ee","tag-eesti","tag-eesti-keel","tag-entertainment","tag-estonia","tag-estonian","tag-meelelahutus","tag-tonis-magi","tag-uku-suviste"],"share_on_mastodon":{"url":"https:\/\/pubeurope.com\/@ee\/116918397610428627","error":""},"_links":{"self":[{"href":"https:\/\/www.europesays.com\/ee\/wp-json\/wp\/v2\/posts\/227958","targetHints":{"allow":["GET"]}}],"collection":[{"href":"https:\/\/www.europesays.com\/ee\/wp-json\/wp\/v2\/posts"}],"about":[{"href":"https:\/\/www.europesays.com\/ee\/wp-json\/wp\/v2\/types\/post"}],"author":[{"embeddable":true,"href":"https:\/\/www.europesays.com\/ee\/wp-json\/wp\/v2\/users\/2"}],"replies":[{"embeddable":true,"href":"https:\/\/www.europesays.com\/ee\/wp-json\/wp\/v2\/comments?post=227958"}],"version-history":[{"count":0,"href":"https:\/\/www.europesays.com\/ee\/wp-json\/wp\/v2\/posts\/227958\/revisions"}],"wp:featuredmedia":[{"embeddable":true,"href":"https:\/\/www.europesays.com\/ee\/wp-json\/wp\/v2\/media\/227959"}],"wp:attachment":[{"href":"https:\/\/www.europesays.com\/ee\/wp-json\/wp\/v2\/media?parent=227958"}],"wp:term":[{"taxonomy":"category","embeddable":true,"href":"https:\/\/www.europesays.com\/ee\/wp-json\/wp\/v2\/categories?post=227958"},{"taxonomy":"post_tag","embeddable":true,"href":"https:\/\/www.europesays.com\/ee\/wp-json\/wp\/v2\/tags?post=227958"}],"curies":[{"name":"wp","href":"https:\/\/api.w.org\/{rel}","templated":true}]}}