{"id":227960,"date":"2026-07-14T12:45:10","date_gmt":"2026-07-14T12:45:10","guid":{"rendered":"https:\/\/www.europesays.com\/ee\/227960\/"},"modified":"2026-07-14T12:45:10","modified_gmt":"2026-07-14T12:45:10","slug":"bbc-vormel-1-ekspert-verstappeni-uleminek-mclarenisse-oleks-keeruline-vormelisport","status":"publish","type":"post","link":"https:\/\/www.europesays.com\/ee\/227960\/","title":{"rendered":"BBC vormel-1 ekspert: Verstappeni \u00fcleminek McLarenisse oleks keeruline | Vormelisport"},"content":{"rendered":"<p>Max Verstappeni v\u00f5imalik \u00fcleminek McLarenisse on viimasel ajal palju k\u00f5neainet tekitanud. BBC vormel-1 ekspert Andrew Benson leiab, et see oleks v\u00f5imalik, kuid meeskonnale keeruline.<\/p>\n<p>McLareni tegevjuht Zak Brown \u00fctles hiljuti, et meeskond on oma praeguste s\u00f5itjate Lando Norrise ja Oscar Piastriga rahul ning Verstappenile kohta pakkuda ei saa. Samas kirjutab BBC, et hollandlane uurib siiski erinevaid v\u00f5imalusi ning McLaren on \u00fcks meeskondadest, mida ta kaalub.<\/p>\n<p>Samas kirjutab BBC, et Verstappen uurib erinevaid v\u00f5imalusi ning McLaren on \u00fcks meeskondadest, mida ta kaalub. Hollandlasel on Red Bulliga leping 2028. aasta l\u00f5puni, kuid selles on klausel, mis v\u00f5ib lubada tal hooaja j\u00e4rel lahkuda.<\/p>\n<p>Bensoni s\u00f5nul peaks McLaren Verstappeni palkamiseks loobuma kas Norrisest v\u00f5i Piastrist. Lisaks peaks meeskond toime tulema olukorraga, kus kaks tipps\u00f5itjat v\u00f5itlevad omavahel v\u00f5rdselt.<\/p>\n<p>Eksperdi hinnangul usub Verstappen, et suudab alistada iga meeskonnakaaslase ning seet\u00f5ttu ei peaks McLareni senine s\u00fcsteem talle probleemiks olema.<\/p>\n<p>Kuigi Verstappeni palkamine tooks meeskonnale kaasa rohkem pingeid, oleks Bensoni s\u00f5nul tegemist s\u00f5itjaga, kes suudab pakkuda maksimaalset tulemust peaaegu igal n\u00e4dalavahetusel.<\/p>\n","protected":false},"excerpt":{"rendered":"Max Verstappeni v\u00f5imalik \u00fcleminek McLarenisse on viimasel ajal palju k\u00f5neainet tekitanud. BBC vormel-1 ekspert Andrew Benson leiab, et&hellip;\n","protected":false},"author":2,"featured_media":227961,"comment_status":"","ping_status":"","sticky":false,"template":"","format":"standard","meta":{"footnotes":"","_share_on_mastodon":"0"},"categories":[18],"tags":[37,33,35,34,36,586,91959,159,158,91960],"class_list":["post-227960","post","type-post","status-publish","format-standard","has-post-thumbnail","category-sport","tag-ee","tag-eesti","tag-eesti-keel","tag-estonia","tag-estonian","tag-max-verstappen","tag-mclaren-f1-vormel","tag-sport","tag-sports","tag-zak-brown"],"share_on_mastodon":{"url":"https:\/\/pubeurope.com\/@ee\/116918401533474321","error":""},"_links":{"self":[{"href":"https:\/\/www.europesays.com\/ee\/wp-json\/wp\/v2\/posts\/227960","targetHints":{"allow":["GET"]}}],"collection":[{"href":"https:\/\/www.europesays.com\/ee\/wp-json\/wp\/v2\/posts"}],"about":[{"href":"https:\/\/www.europesays.com\/ee\/wp-json\/wp\/v2\/types\/post"}],"author":[{"embeddable":true,"href":"https:\/\/www.europesays.com\/ee\/wp-json\/wp\/v2\/users\/2"}],"replies":[{"embeddable":true,"href":"https:\/\/www.europesays.com\/ee\/wp-json\/wp\/v2\/comments?post=227960"}],"version-history":[{"count":0,"href":"https:\/\/www.europesays.com\/ee\/wp-json\/wp\/v2\/posts\/227960\/revisions"}],"wp:featuredmedia":[{"embeddable":true,"href":"https:\/\/www.europesays.com\/ee\/wp-json\/wp\/v2\/media\/227961"}],"wp:attachment":[{"href":"https:\/\/www.europesays.com\/ee\/wp-json\/wp\/v2\/media?parent=227960"}],"wp:term":[{"taxonomy":"category","embeddable":true,"href":"https:\/\/www.europesays.com\/ee\/wp-json\/wp\/v2\/categories?post=227960"},{"taxonomy":"post_tag","embeddable":true,"href":"https:\/\/www.europesays.com\/ee\/wp-json\/wp\/v2\/tags?post=227960"}],"curies":[{"name":"wp","href":"https:\/\/api.w.org\/{rel}","templated":true}]}}