{"id":228043,"date":"2026-07-14T14:23:11","date_gmt":"2026-07-14T14:23:11","guid":{"rendered":"https:\/\/www.europesays.com\/ee\/228043\/"},"modified":"2026-07-14T14:23:11","modified_gmt":"2026-07-14T14:23:11","slug":"liisa-hirsch-tunnen-et-sain-lepo-sumera-preemia-avansiga-klassikaraadio","status":"publish","type":"post","link":"https:\/\/www.europesays.com\/ee\/228043\/","title":{"rendered":"Liisa Hirsch: tunnen, et sain Lepo Sumera preemia avansiga | Klassikaraadio"},"content":{"rendered":"<p>Laup\u00e4eval Lepo Sumera nimelise heliloomingu preemia p\u00e4lvinud Liisa Hirsch r\u00e4\u00e4kis Klassikaraadiole tundest justkui saanuks ta Lepo Sumera preemia avansiga ja tahab n\u00fc\u00fcd julgemalt edasi liikuda.<\/p>\n<p>Laup\u00e4eval anti P\u00e4rnu Muusikafestivalil \u00fcle t\u00e4navune Lepo Sumera nimeline heliloomingu preemia, mille p\u00e4lvis helilooja Liisa Hirsch. Eesti Autorite \u00dchingu ja Eesti Heliloojate Liidu v\u00e4lja antav tunnustus v\u00e4\u00e4rtustab helilooja terviklikku loomingulist arengut, kunstilist s\u00fcgavust ja oman\u00e4olist autorik\u00e4ekirja.<\/p>\n<p>\u017d\u00fcrii t\u00f5stis esile Hirschi erakordset ja isikup\u00e4rast helikeelt, avaraid k\u00f5lamaastikke ja tema muusika arhitektuurset m\u00f5tlemist.<\/p>\n<p>&#8220;See oli natukene uskumatu tunne. Olen seda preemiat v\u00e4ga v\u00e4\u00e4rtustanud, sest Lepo Sumera on omamoodi \u00fcks minu kangelastest. Pigem on olnud probleeme sellega, et see mulle kohale j\u00f5uaks,&#8221; m\u00e4rkis Hirsch.<\/p>\n<p>&#8220;Mul on natukene tunne, nagu oleksin selle preemia avansiga saanud,&#8221; naeris Hirsch. &#8220;N\u00fc\u00fcd tuleb veel paremini ja veel-veel rohkem p\u00fchenduda, otsida ja v\u00f5ib-olla ka julgema pintsliga edasi minna. Kindlasti see ps\u00fchholoogiliselt l\u00fckkab minus mingeid asju k\u00e4ima,&#8221; r\u00e4\u00e4kis helilooja.<\/p>\n<p>Hirschi s\u00f5nul on Sumera teoste kompositsioonist palju \u00f5ppida. &#8220;Ja sellest, kuidas ta v\u00f5ttis riske, milliseid metoodikaid oma loomingus sidus, kuidas see v\u00e4lja tuli, kuidas tema muusikas nii suurt t\u00e4hendust kandma. Emotsionaalses plaanis on Sumeraga seoses \u00fcks esimesi m\u00e4lestusi \u00fcksinduse teema ja suur k\u00f5iksus, mis minu jaoks selles muusikas tundus nii l\u00e4hedane,&#8221; selgitas Hirsch.<\/p>\n<p>&#8220;Kuidagi suudab see minna l\u00e4bi v\u00e4ga mitmete kihtida. Sumeral on ka suur \u00fchiskonnatunnetus, aga ka inimhing selle k\u00f5ige keskel. Tema muusikas on see sees,&#8221; lisas ta ning t\u00f5des, et n\u00e4eb ka loomingulist sugulust enda ja Sumera t\u00f6\u00f6de vahel.<\/p>\n<p>&#8220;Ma m\u00e4letan, et Lepo Sumera r\u00e4\u00e4kis Klassikaraadios v\u00e4ga palju Ameerika eksperimentalistidest ja v\u00f5ib-olla saavad meie huvid seal ka kokku. Vormiselgus ja taandatus, et sa leiad \u00fche kujundi, metafoori, mida sa siis kasvatad v\u00f5i, vastupidi, k\u00f5ik ebavajaliku sealt v\u00e4lja viskad. Ma arvan, et see on temale ka h\u00e4sti omane. Ma ise p\u00fc\u00fcan ka pigem niipidi oma muusikas toimetada.&#8221;<\/p>\n<p>T\u00e4nuk\u00f5nes \u00fctles Hirsch, et tema loominguline tee pole olnud sirgjooneline ning et ta on otsinud ilu tundmata paikades. &#8220;See punkt, kus ma olen heliloojana, liigub kogu aeg. On t\u00f5si, et ma ei saa kirjutada seda, mida ma juba tean. Ma tunnen, et elu tuleb muusikasse siis, kui ma enda jaoks midagi unikaalset leian.&#8221;<\/p>\n<p>&#8220;Olen enda jaoks v\u00e4ga huvitavas kohas praegu, mida ei oskagi lahti v\u00f5tta. Midagi v\u00e4ga huvitavat ja uut on toimumas,&#8221; m\u00e4rkis ta.<\/p>\n","protected":false},"excerpt":{"rendered":"Laup\u00e4eval Lepo Sumera nimelise heliloomingu preemia p\u00e4lvinud Liisa Hirsch r\u00e4\u00e4kis Klassikaraadiole tundest justkui saanuks ta Lepo Sumera preemia&hellip;\n","protected":false},"author":2,"featured_media":228044,"comment_status":"","ping_status":"","sticky":false,"template":"","format":"standard","meta":{"footnotes":"","_share_on_mastodon":"0"},"categories":[16],"tags":[37,33,35,173,34,36,91983,58363,140],"class_list":["post-228043","post","type-post","status-publish","format-standard","has-post-thumbnail","category-meelelahutus","tag-ee","tag-eesti","tag-eesti-keel","tag-entertainment","tag-estonia","tag-estonian","tag-lepo-sumera-preemia","tag-liisa-hirsch","tag-meelelahutus"],"share_on_mastodon":{"url":"https:\/\/pubeurope.com\/@ee\/116918786828460424","error":""},"_links":{"self":[{"href":"https:\/\/www.europesays.com\/ee\/wp-json\/wp\/v2\/posts\/228043","targetHints":{"allow":["GET"]}}],"collection":[{"href":"https:\/\/www.europesays.com\/ee\/wp-json\/wp\/v2\/posts"}],"about":[{"href":"https:\/\/www.europesays.com\/ee\/wp-json\/wp\/v2\/types\/post"}],"author":[{"embeddable":true,"href":"https:\/\/www.europesays.com\/ee\/wp-json\/wp\/v2\/users\/2"}],"replies":[{"embeddable":true,"href":"https:\/\/www.europesays.com\/ee\/wp-json\/wp\/v2\/comments?post=228043"}],"version-history":[{"count":0,"href":"https:\/\/www.europesays.com\/ee\/wp-json\/wp\/v2\/posts\/228043\/revisions"}],"wp:featuredmedia":[{"embeddable":true,"href":"https:\/\/www.europesays.com\/ee\/wp-json\/wp\/v2\/media\/228044"}],"wp:attachment":[{"href":"https:\/\/www.europesays.com\/ee\/wp-json\/wp\/v2\/media?parent=228043"}],"wp:term":[{"taxonomy":"category","embeddable":true,"href":"https:\/\/www.europesays.com\/ee\/wp-json\/wp\/v2\/categories?post=228043"},{"taxonomy":"post_tag","embeddable":true,"href":"https:\/\/www.europesays.com\/ee\/wp-json\/wp\/v2\/tags?post=228043"}],"curies":[{"name":"wp","href":"https:\/\/api.w.org\/{rel}","templated":true}]}}